{"id":3069,"date":"2016-11-19T11:07:47","date_gmt":"2016-11-19T09:07:47","guid":{"rendered":"http:\/\/www.csde.ro\/?p=3069"},"modified":"2016-12-13T05:43:24","modified_gmt":"2016-12-13T03:43:24","slug":"icj-criza-refugiatilor-in-lumina-dreptului-international-si-a-dreptului-uniunii-europene-23-noiembrie-2016","status":"publish","type":"post","link":"https:\/\/www.csde.ro\/?p=3069","title":{"rendered":"ICJ: Criza refugia\u021bilor \u00een lumina dreptului interna\u021bional \u0219i a dreptului Uniunii Europene, 23 noiembrie 2016"},"content":{"rendered":"<p><!--more--><\/p>\n<p>Conferin\u021ba :\u00a0<em>Criza refugia<\/em><em>\u021b<\/em><em>ilor\u00a0\u00een lumina dreptului interna<\/em><em>\u021b<\/em><em>ional\u00a0<\/em><em>\u0219<\/em><em>i a dreptului Uniunii Europene,\u00a0<\/em>sus\u021binut\u0103\u00a0de<em>\u00a0<\/em>dr. hab. p<em>rof.<\/em>\u00a0Przemyslaw Saganek, Institutul de Drept al Academiei Poloneze de\u00a0\u0218tiin\u021be, Var\u0219ovia.<\/p>\n<p>Moderator: <a href=\"http:\/\/www.mihaisandru.ro\/\" target=\"_blank\">prof. univ. dr. Daniel-Mihail Sandru<\/a><\/p>\n<p><a href=\"http:\/\/www.csde.ro\/wp-content\/uploads\/Przemyslaw-Saganek-MIHAI-SANDRU.bmp\"><img loading=\"lazy\" decoding=\"async\" class=\"alignleft size-medium wp-image-3080\" alt=\"przemyslaw-saganek-mihai-sandru\" src=\"http:\/\/www.csde.ro\/wp-content\/uploads\/Przemyslaw-Saganek-MIHAI-SANDRU.bmp\" width=\"1\" height=\"1\" \/><\/a><\/p>\n<p><a href=\"http:\/\/www.csde.ro\/wp-content\/uploads\/Przemyslaw-Saganek-MIHAI-SANDRU.bmp\"><img loading=\"lazy\" decoding=\"async\" class=\"alignleft size-medium wp-image-3080\" alt=\"przemyslaw-saganek-mihai-sandru\" src=\"http:\/\/www.csde.ro\/wp-content\/uploads\/Przemyslaw-Saganek-MIHAI-SANDRU.bmp\" width=\"1\" height=\"1\" \/><\/a><\/p>\n<p>Evenimentul va avea loc \u00een data de<strong>\u00a023 noiembrie\u00a0 2016,\u00a0<\/strong>\u00eencep\u00e2nd cu ora 10:30, \u00een<strong>\u00a0<\/strong>Sala de Consiliu (camera 4254) a Institutului de Cercet\u0103ri Juridice \u201eAcad.Andrei R\u0103dulescu\u201d,\u00a0Casa Academiei, Corp B, et. 4\u00a0\u00a0(Calea 13 Septembrie nr. 13, Bucure\u0219ti, sectorul 5)<\/p>\n<p><a href=\"http:\/\/www.mihaisandru.ro\/\" target=\"_blank\"><img loading=\"lazy\" decoding=\"async\" class=\"alignleft size-medium wp-image-3099\" alt=\"przemyslaw-saganek-mihai-sandru1\" src=\"http:\/\/www.csde.ro\/wp-content\/uploads\/Przemyslaw-Saganek-MIHAI-SANDRU1-300x241.jpg\" width=\"300\" height=\"241\" srcset=\"https:\/\/www.csde.ro\/wp-content\/uploads\/Przemyslaw-Saganek-MIHAI-SANDRU1-300x241.jpg 300w, https:\/\/www.csde.ro\/wp-content\/uploads\/Przemyslaw-Saganek-MIHAI-SANDRU1.jpg 434w\" sizes=\"(max-width: 300px) 100vw, 300px\" \/><\/a><\/p>\n<p><a href=\"http:\/\/icj.ro\/\" target=\"_blank\">SURSA<\/a><\/p>\n<p><a href=\"http:\/\/www.caleaeuropeana.ro\/conferinta-criza-refugiatilor-in-lumina-dreptului-international-si-a-dreptului-uniunii-europene-23-noiembrie\/\" target=\"_blank\">CaleaEuropeana.ro<\/a><\/p>\n","protected":false},"excerpt":{"rendered":"","protected":false},"author":1,"featured_media":0,"comment_status":"closed","ping_status":"closed","sticky":false,"template":"","format":"standard","meta":{"footnotes":""},"categories":[10],"tags":[],"class_list":["post-3069","post","type-post","status-publish","format-standard","hentry","category-evenimente"],"_links":{"self":[{"href":"https:\/\/www.csde.ro\/index.php?rest_route=\/wp\/v2\/posts\/3069"}],"collection":[{"href":"https:\/\/www.csde.ro\/index.php?rest_route=\/wp\/v2\/posts"}],"about":[{"href":"https:\/\/www.csde.ro\/index.php?rest_route=\/wp\/v2\/types\/post"}],"author":[{"embeddable":true,"href":"https:\/\/www.csde.ro\/index.php?rest_route=\/wp\/v2\/users\/1"}],"replies":[{"embeddable":true,"href":"https:\/\/www.csde.ro\/index.php?rest_route=%2Fwp%2Fv2%2Fcomments&post=3069"}],"version-history":[{"count":6,"href":"https:\/\/www.csde.ro\/index.php?rest_route=\/wp\/v2\/posts\/3069\/revisions"}],"predecessor-version":[{"id":3100,"href":"https:\/\/www.csde.ro\/index.php?rest_route=\/wp\/v2\/posts\/3069\/revisions\/3100"}],"wp:attachment":[{"href":"https:\/\/www.csde.ro\/index.php?rest_route=%2Fwp%2Fv2%2Fmedia&parent=3069"}],"wp:term":[{"taxonomy":"category","embeddable":true,"href":"https:\/\/www.csde.ro\/index.php?rest_route=%2Fwp%2Fv2%2Fcategories&post=3069"},{"taxonomy":"post_tag","embeddable":true,"href":"https:\/\/www.csde.ro\/index.php?rest_route=%2Fwp%2Fv2%2Ftags&post=3069"}],"curies":[{"name":"wp","href":"https:\/\/api.w.org\/{rel}","templated":true}]}}