{"id":2349,"date":"2008-08-29T06:06:36","date_gmt":"2008-08-29T03:06:36","guid":{"rendered":"http:\/\/www.csde.ro\/?p=2349"},"modified":"2015-01-24T07:19:06","modified_gmt":"2015-01-24T05:19:06","slug":"25-09-2008-temeiul-juridic-al-actelor-ceue-pertinenta-si-consecinte","status":"publish","type":"post","link":"https:\/\/www.csde.ro\/?p=2349","title":{"rendered":"25.09.2008 &#8211; Temeiul juridic al actelor CE\/UE. Pertinen\u0163\u0103 \u015fi consecin\u0163e"},"content":{"rendered":"<p><strong>Centrul de Studii de Drept European (CSDE) <\/strong>al<strong> <\/strong>Institutului de Cercet\u0103ri Juridice, din cadrul Academiei Rom\u00e2ne, organizeaz\u0103 la sediul s\u0103u din Calea 13 Septembrie, nr.13, la data de 25 septembrie 2008, ora 12<\/p>\n<p align=\"center\"><em>Conferinta<\/em> \u201e<strong><em>Temeiul juridic al actelor CE\/UE. Pertinen\u0163\u0103 \u015fi consecin\u0163e<\/em>\u201d<\/strong><\/p>\n<p>&nbsp;<\/p>\n<p><i>Conferinta\u00a0<\/i>\u00ee\u015fi propune abordarea concret\u0103 \u015fi totodat\u0103 aprofundat\u0103 a celor mai importante tendin\u0163e care se pot discerne \u00een dreptul comunitar\/european \u00een privin\u0163a modului \u00een care institu\u0163iile comunitare (\u00een special Comisia European\u0103 \u00een calitatea sa de ini\u0163iator al legisla\u0163iei comunitare) \u00ee\u015fi motiveaz\u0103 op\u0163iunea pentru un anumit temei al unui act normativ, precum \u015fi a modului \u00een care Curtea de Justi\u0163ie a Comunit\u0103\u0163ilor Europene a abordat, \u00een jurispruden\u0163a sa, aceast\u0103 problematic\u0103.<\/p>\n<p>\u00cen consecin\u0163\u0103, masa rotund\u0103 se va centra, \u00een special, pe urm\u0103toarele probleme (lista nefiind exhaustiv\u0103):<\/p>\n<p>&#8211; temeiul juridic al adopt\u0103rii actelor juridice comunitare (directive, regulamente) \u00een diferite materii: Pia\u0163a intern\u0103, drept interna\u0163ional privat \u2013 Roma I \u015fi Roma II, societ\u0103\u0163i comerciale, protec\u0163ia consumatorilor etc.;<\/p>\n<p>&#8211; ac\u0163iunea \u00een anulare \u2013 (art. 230 CE) care are ca obiect, printre altele, contestarea temeiului juridic al actului atacat;<\/p>\n<p>&#8211; conflictul \u00eentre pilonii Uniunii Europene, cu referire la promovarea actelor UE\/CE (decizii-cadru, directive);<\/p>\n<p>&#8211; exemple (studii de caz) din jurispruden\u0163a CJCE \u00een materie.<\/p>\n<p><span style=\"font-size: 16px;\">AGENDA EVENIMENTULUI<\/span><\/p>\n<p>&nbsp;<\/p>\n<p>12.30-13\u00a0 &#8211; \u00cenregistrarea participan\u0163ilor<\/p>\n<p><strong>\u00a0<\/strong><\/p>\n<p><strong>Sesiunea I. Moderatori: Prof. univ. dr. Emil Moroianu \u015fi Prof. univ. dr. Simina Elena T\u0103n\u0103sescu<\/strong><\/p>\n<p><strong>\u00a0<\/strong><strong style=\"font-size: 16px;\">Cuv\u00e2nt de deschidere:\u00a0 Prof. univ. dr. Emil Moroianu<\/strong><\/p>\n<p><strong>\u00a0<\/strong><strong style=\"font-size: 16px;\">Prof. univ. dr. Dumitru Mazilu, <\/strong><em style=\"font-size: 16px;\">Impactul respingerii Tratatului de la Lisabona asupra sistemului decizional \u00een Uniunea European\u0103<\/em><\/p>\n<p><em>\u00a0<\/em><strong style=\"font-size: 16px;\">Prof. univ. dr. Simina Elena T\u0103n\u0103sescu<\/strong><span style=\"font-size: 16px;\">, Universitatea din Bucure\u015fti, <\/span><em style=\"font-size: 16px;\">Metisajul juridic \u015fi limitele controlului jurisdic\u0163ional<\/em><span style=\"font-size: 16px;\">\u00a0<\/span><\/p>\n<p><strong style=\"font-size: 16px;\">Nicolae Turcu<\/strong><span style=\"font-size: 16px;\">, Pre\u015fedinte al Sec\u0163iei de Drept Privat, Consiliul Legislativ, <\/span><em style=\"font-size: 16px;\">Lex obligationis european\u0103 \u2013 preludiul la un drept interna\u0163ional privat comunitar [<\/em><span style=\"font-size: 16px;\">Roma I\u00a0\u015fi Roma II<\/span><em style=\"font-size: 16px;\">]<\/em><\/p>\n<p><strong style=\"font-size: 14px; line-height: 1.5em;\">\u00a0<\/strong><strong style=\"font-size: 16px;\">Prof. univ. dr. Andrei Popescu<\/strong><span style=\"font-size: 16px;\">, \u015eeful Departamentului pentru armonizarea legislatiei cu reglement\u0103rile Uniunii Europene, <\/span><em style=\"font-size: 16px;\">Considerente asupra temeiului juridic al adopt\u0103rii unor regulamente comunitare atipice \u015fi, respectiv, al adapt\u0103rii unor regulamente \u015fi directive<\/em><\/p>\n<p><span style=\"font-size: 16px;\">14.40 \u2013 15.00 \u2013 Pauz\u0103 de cafea<\/span><\/p>\n<p><span style=\"font-size: 16px;\">\u00a0<\/span><strong style=\"font-size: 16px;\">Sesiunea a II-a. Moderatori: Mihai Banu \u015fi Mihai \u015eandru<\/strong><\/p>\n<p><strong style=\"font-size: 16px;\">Prof. univ. dr. Emil Moroianu<\/strong><span style=\"font-size: 16px;\">, Directorul Institutului de Cercet\u0103ri Juridice, <\/span><em style=\"font-size: 16px;\">Este valid modelul kelsenian \u00een dreptul comunitar?<\/em><\/p>\n<p><strong style=\"font-size: 16px;\">Lector univ. dr. Anamaria Groza<\/strong><span style=\"font-size: 16px;\">, <\/span><em style=\"font-size: 16px;\">Motivarea actelor comunitare din perspectiva jurispruden\u0163ei Cur\u0163ii de Justi\u0163ie a Comunit\u0103\u0163ilor Europene, referitoare la principiile subsidiarit\u0103\u0163ii \u015fi propor\u0163ionalit\u0103\u0163ii<\/em><\/p>\n<p><strong style=\"font-size: 16px;\">Mihai Banu<\/strong><span style=\"font-size: 16px;\">, <\/span><em style=\"font-size: 16px;\">Un exemplu recent privind conflictul \u00eentre pilonii UE. Hot\u0103r\u00e2rea CJCE \u00een cauza C-91\/05, Consiliul\/Comisia<\/em><\/p>\n<p><strong>\u00a0<\/strong><strong style=\"font-size: 16px;\">Lector dr. Mihai\u00a0\u015eandru<\/strong><span style=\"font-size: 16px;\">, <\/span><em style=\"font-size: 16px;\">Jurispruden\u0163a CJCE (cauza C-208\/00 &#8211; \u00dcberseering) \u2013 temei pentru modificarea reglement\u0103rilor \u00een materia societ\u0103\u0163ilor comerciale<\/em><\/p>\n<p><strong style=\"font-size: 16px;\">Claudia Cristina Berghezan<\/strong><span style=\"font-size: 16px;\">, <\/span><em style=\"font-size: 16px;\">Tipologia discrimin\u0103rii<\/em><\/p>\n<p><span style=\"font-size: 16px;\">Discu\u0163ii 16.00 \u2013 16.30<\/span><\/p>\n<p><span style=\"font-size: 16px;\">\u00cenchiderea sesiunii de discu\u0163ii \u2013 16.30.<\/span><\/p>\n<p>Comitetul de stiintific si de organizare: prof. univ. dr. Emil Moroianu, dr. Mihai Sandru, Mihai Banu, Andrei Savescu.<\/p>\n","protected":false},"excerpt":{"rendered":"<p>Centrul de Studii de Drept European (CSDE) al Institutului de Cercet\u0103ri Juridice, din cadrul Academiei Rom\u00e2ne, organizeaz\u0103 la sediul s\u0103u din Calea 13 Septembrie, nr.13, la data de 25 septembrie 2008, ora 12 Conferinta \u201eTemeiul juridic al actelor CE\/UE. Pertinen\u0163\u0103 \u015fi consecin\u0163e\u201d &nbsp; Conferinta\u00a0\u00ee\u015fi propune abordarea concret\u0103 \u015fi totodat\u0103 aprofundat\u0103 a celor mai importante tendin\u0163e [&hellip;]<\/p>\n","protected":false},"author":1,"featured_media":0,"comment_status":"open","ping_status":"closed","sticky":false,"template":"","format":"standard","meta":{"footnotes":""},"categories":[27,4,6,7,10],"tags":[],"class_list":["post-2349","post","type-post","status-publish","format-standard","hentry","category-autori-si-conferentiari","category-cercetare","category-cultura-dreptului-european","category-despre-noi","category-evenimente"],"_links":{"self":[{"href":"https:\/\/www.csde.ro\/index.php?rest_route=\/wp\/v2\/posts\/2349"}],"collection":[{"href":"https:\/\/www.csde.ro\/index.php?rest_route=\/wp\/v2\/posts"}],"about":[{"href":"https:\/\/www.csde.ro\/index.php?rest_route=\/wp\/v2\/types\/post"}],"author":[{"embeddable":true,"href":"https:\/\/www.csde.ro\/index.php?rest_route=\/wp\/v2\/users\/1"}],"replies":[{"embeddable":true,"href":"https:\/\/www.csde.ro\/index.php?rest_route=%2Fwp%2Fv2%2Fcomments&post=2349"}],"version-history":[{"count":6,"href":"https:\/\/www.csde.ro\/index.php?rest_route=\/wp\/v2\/posts\/2349\/revisions"}],"predecessor-version":[{"id":2734,"href":"https:\/\/www.csde.ro\/index.php?rest_route=\/wp\/v2\/posts\/2349\/revisions\/2734"}],"wp:attachment":[{"href":"https:\/\/www.csde.ro\/index.php?rest_route=%2Fwp%2Fv2%2Fmedia&parent=2349"}],"wp:term":[{"taxonomy":"category","embeddable":true,"href":"https:\/\/www.csde.ro\/index.php?rest_route=%2Fwp%2Fv2%2Fcategories&post=2349"},{"taxonomy":"post_tag","embeddable":true,"href":"https:\/\/www.csde.ro\/index.php?rest_route=%2Fwp%2Fv2%2Ftags&post=2349"}],"curies":[{"name":"wp","href":"https:\/\/api.w.org\/{rel}","templated":true}]}}