{"id":821,"date":"2012-01-02T08:54:34","date_gmt":"2012-01-02T06:54:34","guid":{"rendered":"http:\/\/www.csde.ro\/?p=821"},"modified":"2012-01-02T08:54:34","modified_gmt":"2012-01-02T06:54:34","slug":"dezbaterea-csde-subsidiaritatea-in-uniunea-europeana-radacini-modificari-ale-tratatului-de-la-lisabona-si-perspective-1-februarie-2012","status":"publish","type":"post","link":"http:\/\/www.csde.ro\/?p=821","title":{"rendered":"Dezbaterea CSDE  &#8211; Subsidiaritatea \u00een Uniunea European\u0103: surse, modific\u0103ri prin Tratatului de la Lisabona \u015fi perspective, 1 februarie 2012"},"content":{"rendered":"<p style=\"text-align: justify;\">\n<p style=\"text-align: justify;\">Centrul de Studii de Drept European (CSDE) al Institutului de Cercet\u0103ri Juridice din cadrul Academiei Rom\u00e2ne \u015fi Asocia\u0163ia Forumul Judec\u0103torilor din Rom\u00e2nia organizeaz\u0103, \u00een seria \u201eCultura dreptului european\u201d, la data de 1 februarie 2012, ora 12, la sediul Academiei Rom\u00e2ne din Calea Victoriei nr. 125<strong> <\/strong><\/p>\n<p style=\"text-align: center;\"><strong>Dezbaterea<\/strong><\/p>\n<p style=\"text-align: center;\"><strong>\u201eSubsidiaritatea \u00een Uniunea European\u0103: surse, modific\u0103ri prin Tratatului de la Lisabona \u015fi perspective<\/strong>\u201d<\/p>\n<p style=\"text-align: justify;\">\n<p style=\"text-align: justify;\">Program:<\/p>\n<p style=\"text-align: justify;\"><strong>Dr. Tudor Avrigeanu, cs II<\/strong> &#8211; <em>Subsidiaritatea \u00een contextul modernit\u0103\u0163ii juridice<\/em><\/p>\n<p style=\"text-align: justify;\"><strong>Mihai Banu, \u00a0cercet\u0103tor asociat<\/strong> &#8211; <em>Limite politice \u015fi jurisdic\u0163ionale ale principiului subsidiarit\u0103\u0163ii \u00een contextul dreptului Uniunii Europene<\/em><\/p>\n<p style=\"text-align: justify;\">\u00cen prezen\u0163a autorului, la ora 13.00 va fi lansat volumul \u201e<em><a href=\"http:\/\/www.universuljuridic.ro\/Liviu-Marius-HAROSA\/bunurile-temporale-ale-bisericii-regimul-juridic-al-bunurilor-apartinand-bisericii-volumul-i-tomul-17.html\" target=\"_blank\">Bunurile temporale ale bisericii. Regimul juridic al bunurilor apartinand bisericii<\/a><\/em>\u201d.<\/p>\n<p style=\"text-align: justify;\">\n<p style=\"text-align: justify;\">CSDE v\u0103 mul\u0163ume\u015fte pentru retransmiterea acestei invita\u0163ii c\u0103tre toate persoanele interesate. Nu se percepe tax\u0103 de participare. Locurile sunt limitate, \u00eenscrierea participan\u0163ilor realiz\u00e2ndu-se \u00een ordinea cronologic\u0103 a confirmarilor, prin e-mail (mihai.sandru@csde.ro).<\/p>\n<p style=\"text-align: justify;\">Parteneri: <a href=\"http:\/\/www.ujmag.ro\/eveniment\/362\/Lansarea+cartii+%26%238220%3BBunurile+temporale+ale+bisericii%26%238221%3B+%26%238211%3B+Liviu+Marius+Harosa.html\" target=\"_blank\">Editura Universul Juridic<\/a>, Oxford University Press; Revista Rom\u00e2n\u0103 de Drept European, JurisclasorCEDO, Revista Forumul Judec\u0103torilor, Editura Universitar\u0103, Revista \u201eDreptul\u201d \u2013 Uniunea Juri\u015ftilor din Rom\u00e2nia; Editura C.H.Beck, SSJ.<\/p>\n<p style=\"text-align: justify;\">Parteneri media: JURIDICE.ro, infolegal.ro, caleaeuropeana.ro, Curierul Judiciar.<\/p>\n","protected":false},"excerpt":{"rendered":"<p>Centrul de Studii de Drept European (CSDE) al Institutului de Cercet\u0103ri Juridice din cadrul Academiei Rom\u00e2ne \u015fi Asocia\u0163ia Forumul Judec\u0103torilor din Rom\u00e2nia organizeaz\u0103, \u00een seria \u201eCultura dreptului european\u201d, la data de 1 februarie 2012, ora 12, la sediul Academiei Rom\u00e2ne din Calea Victoriei nr. 125 Dezbaterea \u201eSubsidiaritatea \u00een Uniunea European\u0103: surse, modific\u0103ri prin Tratatului de [&hellip;]<\/p>\n","protected":false},"author":1,"featured_media":0,"comment_status":"open","ping_status":"closed","sticky":false,"template":"","format":"standard","meta":{"footnotes":""},"categories":[10],"tags":[200,289],"class_list":["post-821","post","type-post","status-publish","format-standard","hentry","category-evenimente","tag-mihai-banu","tag-tudor-avrigeanu"],"_links":{"self":[{"href":"http:\/\/www.csde.ro\/index.php?rest_route=\/wp\/v2\/posts\/821"}],"collection":[{"href":"http:\/\/www.csde.ro\/index.php?rest_route=\/wp\/v2\/posts"}],"about":[{"href":"http:\/\/www.csde.ro\/index.php?rest_route=\/wp\/v2\/types\/post"}],"author":[{"embeddable":true,"href":"http:\/\/www.csde.ro\/index.php?rest_route=\/wp\/v2\/users\/1"}],"replies":[{"embeddable":true,"href":"http:\/\/www.csde.ro\/index.php?rest_route=%2Fwp%2Fv2%2Fcomments&post=821"}],"version-history":[{"count":0,"href":"http:\/\/www.csde.ro\/index.php?rest_route=\/wp\/v2\/posts\/821\/revisions"}],"wp:attachment":[{"href":"http:\/\/www.csde.ro\/index.php?rest_route=%2Fwp%2Fv2%2Fmedia&parent=821"}],"wp:term":[{"taxonomy":"category","embeddable":true,"href":"http:\/\/www.csde.ro\/index.php?rest_route=%2Fwp%2Fv2%2Fcategories&post=821"},{"taxonomy":"post_tag","embeddable":true,"href":"http:\/\/www.csde.ro\/index.php?rest_route=%2Fwp%2Fv2%2Ftags&post=821"}],"curies":[{"name":"wp","href":"https:\/\/api.w.org\/{rel}","templated":true}]}}