{"id":802,"date":"2012-01-02T09:01:03","date_gmt":"2012-01-02T07:01:03","guid":{"rendered":"http:\/\/www.csde.ro\/?p=802"},"modified":"2014-09-30T06:46:01","modified_gmt":"2014-09-30T03:46:01","slug":"conferinta-conferinta-curtea-de-justitie-si-fostii-piloni-ai-ue-dupa-intrarea-in-vigoare-a-tratatului-de-la-lisabona-20-ianuarie-2012","status":"publish","type":"post","link":"http:\/\/www.csde.ro\/?p=802","title":{"rendered":"Dezbaterea \u201eCurtea de Justi\u0163ie \u015fi fo\u015ftii piloni ai UE dup\u0103 intrarea in vigoare a  Tratatului de la Lisabona\u201d, 20 ianuarie 2012"},"content":{"rendered":"<p><!--more--><\/p>\n<p>Centrul de Studii de Drept European (CSDE) al Institutului de Cercet\u0103ri Juridice din cadrul Academiei Rom\u00e2ne \u015fi Asocia\u0163ia Forumul Judec\u0103torilor din Rom\u00e2nia organizeaz\u0103, \u00een seria \u201eCultura dreptului european\u201d, la data de 20 ianuarie 2012, ora 12, la sediul Academiei Rom\u00e2ne din Calea Victoriei nr. 125<strong> <\/strong><\/p>\n<p align=\"center\"><strong>Dezbaterea<\/strong><\/p>\n<p align=\"center\"><strong>\u201eCurtea de Justi\u0163ie \u015fi fo\u015ftii piloni ai UE dup\u0103 intrarea in vigoare a <\/strong><\/p>\n<p align=\"center\"><strong>Tratatului de la Lisabona<\/strong>\u201d<\/p>\n<p style=\"text-align: justify;\">Pornind de la o lucrare publicat\u0103 la Oxford University Press (<a href=\"http:\/\/ukcatalogue.oup.com\/product\/9780199569960.do?keyword=+Alicia+HINAREJOS+%2C+Judicial+Control+in+the+European+Union%3A+Reforming+&amp;sortby=bestMatches#\" target=\"_blank\"><strong>Alicia Hinarejos<\/strong>, <em>Judicial Control in the European Union\u00a0Reforming Jurisdiction in the \u00a0Intergovernmental Pillars<\/em>, Oxford University Press,<strong> <\/strong>2009<\/a>), prezent\u0103rile, urmate de discu\u0163ii, vor urm\u0103ri c\u00e2teva dintre consecin\u0163ele abandon\u0103rii structurii \u00een piloni a Uniunii Europene odat\u0103 cu intrarea \u00een vigoare a Tratatului de la Lisabona, dup\u0103 cum urmeaz\u0103 (lista nu este exhaustiv\u0103):<\/p>\n<p>&#8211; extinderea competen\u0163elor Cur\u0163ii de Justi\u0163ie a Uniunii Europene, limite \u015fi consecin\u0163e de ordin practic;<\/p>\n<p>&#8211; Carta drepturilor fundamentale a UE \u015fi inciden\u0163a dispozi\u0163iilor ei asupra materiilor incluse anterior \u00een fo\u015ftii piloni interguvernamentali;<\/p>\n<p>&#8211; tendin\u0163e \u015fi evolu\u0163ii recente \u00een jurispruden\u0163a Cur\u0163ii de Justi\u0163ie a Uniunii Europene<\/p>\n<p>&#8211; aspecte din jurispruden\u0163a pertinent\u0103 a instan\u0163elor judec\u0103tore\u015fti din Rom\u00e2nia, precum \u015fi a Cur\u0163ii Constitu\u0163ionale;<\/p>\n<p>&#8211; prezentarea volumului <a href=\"http:\/\/ukcatalogue.oup.com\/product\/9780199592975.do?code=alauth7\" target=\"_blank\">Paul Craig, Gr\u00e1inne de B\u00farca (eds.), The Evolution of EU Law, edi\u0163ia a doua, Oxford University Press, 2011<\/a>.<\/p>\n<p>Participan\u0163ilor li se vor distribui \u00een avans materiale care vor face obiectul conferin\u0163ei.<\/p>\n<p>CSDE v\u0103 mul\u0163ume\u015fte pentru retransmiterea acestei invita\u0163ii c\u0103tre toate persoanele interesate. Nu se percepe tax\u0103 de participare. Locurile sunt limitate, \u00eenscrierea participan\u0163ilor realiz\u00e2ndu-se \u00een ordinea cronologic\u0103 a confirmarilor, prin e-mail (mihai.sandru@csde.ro).<\/p>\n<p>Parteneri: Oxford University Press; Revista Rom\u00e2n\u0103 de Drept European, JurisclasorCEDO, Revista Forumul Judec\u0103torilor, Editura Universitar\u0103, Revista \u201eDreptul\u201d \u2013 Uniunea Juri\u015ftilor din Rom\u00e2nia; Editura C.H.Beck, SSJ.<\/p>\n<p>Parteneri media: AGERPRES, JURIDICE.ro, infolegal.ro, caleaeuropeana.ro, Curierul Judiciar.<\/p>\n<p><strong>Scurta prezentare a evenimentului.<\/strong><\/p>\n<p>Sesiunea de dezbateri a fost deschisa de prof univ. dr. Mihai Sandru (foto) prin prezentarea <a href=\"http:\/\/www.csde.ro\/?p=737\" target=\"_blank\">Raportului CSDE pentru 2011<\/a>.<\/p>\n<p>Foto Sorin Lupsa, <a href=\"http:\/\/foto.agerpres.ro\/index.php?i=5859432\" target=\"_blank\">Agerpres<\/a><\/p>\n<p style=\"text-align: justify;\">In continuare a fost prezentat volumul\u00a0<a style=\"text-align: justify;\" href=\"http:\/\/ukcatalogue.oup.com\/product\/9780199569960.do?keyword=+Alicia+HINAREJOS+%2C+Judicial+Control+in+the+European+Union%3A+Reforming+&amp;sortby=bestMatches#\" target=\"_blank\"><strong>Alicia Hinarejos<\/strong>,\u00a0<em>Judicial Control in the European Union\u00a0Reforming Jurisdiction in the \u00a0Intergovernmental Pillars<\/em>, Oxford University Press,<strong> <\/strong>2009<\/a>.<\/p>\n<p style=\"text-align: justify;\">In cadrul dezbaterilor, dl.\u00a0<a href=\"http:\/\/foto.agerpres.ro\/index.php?i=5859433\" target=\"_blank\">Mihai Banu<\/a> cercetator asociat in cadrul CSDE a evidentiat <span style=\"text-align: justify;\">consecin\u0163ele abandon\u0103rii structurii \u00een piloni a Uniunii Europene odat\u0103 cu intrarea \u00een vigoare a Tratatului de la Lisabona si a prezentat contextul cauzei CJUE, <a href=\"http:\/\/eubusinesslaw.wordpress.com\/2011\/12\/22\/cauza-ns-hotararea-din-21-decembrie-2011-cauzele-conexate-c-41110-si-c-49310\/\" target=\"_blank\">C-411\/10<\/a>, nepublicata. O scurta prezentare va fi publicata in cadrul rubricii permanente dedicata activitatilor CSDE din <em>Revista Romana de Drept European<\/em>.<\/span><\/p>\n<p style=\"text-align: justify;\"><span style=\"text-align: justify;\">A urmat conferinta sustinuta de catre dl. drd. Daniel Gradinaru (judecator, Curtea de Apel Bucuresti) referitoare la &#8222;<\/span><em>Garan\u0163ia rejudec\u0103rii persoanei judecate \u015fi condamnate \u00een lips\u0103, cu ocazia execut\u0103rii unui mandat european de arestare.\u00a0\u00cen\u0163elesul sintagmei \u201epersoan\u0103 judecat\u0103 \u00een lips\u0103\u201d, \u00een practica instan\u0163elor na\u0163ionale \u00een baza 5221 Cod procedur\u0103 penal\u0103<\/em>&#8222;. Prezentarea dlui Gradinaru va fi publicata in revista <em>Curierul Judiciar<\/em>. [UPDATE &#8211; a fost publicata in <a href=\"http:\/\/curieruljudiciar.ro\/2012\/06\/20\/curierul-judiciar-nr-42012-2\/\" target=\"_blank\">CJ, nr. 4\/2012<\/a>]<\/p>\n","protected":false},"excerpt":{"rendered":"","protected":false},"author":1,"featured_media":0,"comment_status":"open","ping_status":"closed","sticky":false,"template":"","format":"standard","meta":{"footnotes":""},"categories":[10],"tags":[],"class_list":["post-802","post","type-post","status-publish","format-standard","hentry","category-evenimente"],"_links":{"self":[{"href":"http:\/\/www.csde.ro\/index.php?rest_route=\/wp\/v2\/posts\/802"}],"collection":[{"href":"http:\/\/www.csde.ro\/index.php?rest_route=\/wp\/v2\/posts"}],"about":[{"href":"http:\/\/www.csde.ro\/index.php?rest_route=\/wp\/v2\/types\/post"}],"author":[{"embeddable":true,"href":"http:\/\/www.csde.ro\/index.php?rest_route=\/wp\/v2\/users\/1"}],"replies":[{"embeddable":true,"href":"http:\/\/www.csde.ro\/index.php?rest_route=%2Fwp%2Fv2%2Fcomments&post=802"}],"version-history":[{"count":1,"href":"http:\/\/www.csde.ro\/index.php?rest_route=\/wp\/v2\/posts\/802\/revisions"}],"predecessor-version":[{"id":2627,"href":"http:\/\/www.csde.ro\/index.php?rest_route=\/wp\/v2\/posts\/802\/revisions\/2627"}],"wp:attachment":[{"href":"http:\/\/www.csde.ro\/index.php?rest_route=%2Fwp%2Fv2%2Fmedia&parent=802"}],"wp:term":[{"taxonomy":"category","embeddable":true,"href":"http:\/\/www.csde.ro\/index.php?rest_route=%2Fwp%2Fv2%2Fcategories&post=802"},{"taxonomy":"post_tag","embeddable":true,"href":"http:\/\/www.csde.ro\/index.php?rest_route=%2Fwp%2Fv2%2Ftags&post=802"}],"curies":[{"name":"wp","href":"https:\/\/api.w.org\/{rel}","templated":true}]}}