{"id":737,"date":"2011-12-20T02:14:49","date_gmt":"2011-12-19T23:14:49","guid":{"rendered":"http:\/\/www.csde.ro\/?p=737"},"modified":"2011-12-20T02:14:49","modified_gmt":"2011-12-19T23:14:49","slug":"raportul-centrului-de-studii-de-drept-european-2011","status":"publish","type":"post","link":"http:\/\/www.csde.ro\/?p=737","title":{"rendered":"Raportul Centrului de Studii de Drept European &#8211; 2011"},"content":{"rendered":"<p style=\"margin-top: 0px; margin-right: 0px; margin-bottom: 18px; margin-left: 0px; border-image: initial; outline-width: 0px; outline-style: initial; outline-color: initial; font-size: 12px; vertical-align: baseline; background-image: initial; background-attachment: initial; background-origin: initial; background-clip: initial; color: #51555c; font-family: helvetica, arial, sans-serif; line-height: 18px; text-align: justify; padding: 0px; border: 0px initial initial;\"><span style=\"color: #51555c;\"><span style=\"color: #000000;\">C<\/span><span style=\"color: #000000;\">entrul de Studii de Drept European a elaborat <\/span><\/span><span style=\"color: #000000;\">Raportul de activitate pentru anul 2011.<\/span><\/p>\n<p style=\"margin-top: 0px; margin-right: 0px; margin-bottom: 18px; margin-left: 0px; border-image: initial; outline-width: 0px; outline-style: initial; outline-color: initial; font-size: 12px; vertical-align: baseline; background-image: initial; background-attachment: initial; background-origin: initial; background-clip: initial; line-height: 18px; text-align: justify; padding: 0px;\">2011 reprezinta anul de continuitate in activitatea noastra, \u00een care proiectele incepute in 2010 au continuat si am adaugat participarea noastra la Proiectul &#8222;JurisClasor CEDO&#8221;.\u00a0Am lansat si primul apel public pentru &#8222;working paper&#8221; si am \u00eencheiat parteneriate cu edituri importante &#8211; Oxford University Press si Hart Publishing. De asemenea, din 2011 CSDE se implic\u0103 \u00een realizarea revistei <em>Curierul judiciar<\/em> si are o rubrica permanenta de prezentare a activitatii sale \u00een <em>Revista Romana de Drept European<\/em>.<\/p>\n<p style=\"margin-top: 0px; margin-right: 0px; margin-bottom: 18px; margin-left: 0px; border-image: initial; outline-width: 0px; outline-style: initial; outline-color: initial; font-size: 12px; vertical-align: baseline; background-image: initial; background-attachment: initial; background-origin: initial; background-clip: initial; line-height: 18px; text-align: justify; padding: 0px;\">Cu aceasta ocazie multumim atat persoanelor care s-au implicat direct in cercetare, cat si participantilor activi la activitatile CSDE.<\/p>\n<p style=\"margin-top: 0px; margin-right: 0px; margin-bottom: 18px; margin-left: 0px; border-image: initial; outline-width: 0px; outline-style: initial; outline-color: initial; font-size: 12px; vertical-align: baseline; background-image: initial; background-attachment: initial; background-origin: initial; background-clip: initial; line-height: 18px; text-align: justify; padding: 0px;\"><strong><span style=\"color: #000000;\"><span style=\"font-size: 12px; line-height: 18px; text-align: justify;\">Raportul \u00a0Centrul de Studii de Drept European al Institutului de Cercetari Juridice din cadrul Academiei Romane <\/span><span style=\"font-size: 12px; line-height: 18px; text-align: justify;\">pentru anul 2011 <\/span><span style=\"font-size: 12px; line-height: 18px; text-align: justify;\">va fi prezentat public <\/span><span style=\"font-size: 12px; line-height: 18px; text-align: justify;\">cu ocazia conferintei din <\/span><span style=\"font-size: 12px; line-height: 18px; text-align: justify;\">20 ianuarie 2012.<\/span><\/span><\/strong><\/p>\n<p style=\"margin-top: 0px; margin-right: 0px; margin-bottom: 18px; margin-left: 0px; border-image: initial; outline-width: 0px; outline-style: initial; outline-color: initial; font-size: 12px; vertical-align: baseline; background-image: initial; background-attachment: initial; background-origin: initial; background-clip: initial; line-height: 18px; text-align: justify; padding: 0px;\">Prof. univ. dr. Mihai Sandru<\/p>\n<p style=\"text-align: left;\"><!--more--><\/p>\n<p style=\"text-align: center;\">Institutul de Cercet\u0103ri Juridice \u201eAcad. Andrei R\u0103dulescu\u201d\u00a0al Academiei Rom\u00e2ne<\/p>\n<p style=\"text-align: center;\">CENTRUL DE STUDII DE DREPT EUROPEAN<\/p>\n<p style=\"text-align: center;\">RAPORT 2011<\/p>\n<p style=\"color: #333333; font-family: Georgia, 'Times New Roman', Times, serif; line-height: 21px; text-align: justify;\"><strong>1. Centrul de Studii de Drept European (CSDE) \u2013 organizare \u015fi scop<\/strong><\/p>\n<p style=\"color: #333333; font-family: Georgia, 'Times New Roman', Times, serif; line-height: 21px; text-align: justify;\">CENTRUL DE STUDII DE DREPT EUROPEAN (\u00een continuare, CSDE) este o unitate de cercetare \u015ftiin\u0163ific\u0103, f\u0103r\u0103 personalitate juridic\u0103, din cadrul Institutului de Cercet\u0103ri Juridice al Academiei Rom\u00e2ne, constituit prin decizia Prezidiului Academiei Rom\u00e2ne \u00een 2008.<\/p>\n<p style=\"color: #333333; font-family: Georgia, 'Times New Roman', Times, serif; line-height: 21px; text-align: justify;\">CSDE are ca obiectiv realizarea de cercet\u0103ri fundamentale \u015fi aplicative precum \u015fi diseminarea informa\u0163iilor prin dezvoltarea dezbaterilor de idei \u00een domeniul dreptului european.<\/p>\n<p style=\"color: #333333; font-family: Georgia, 'Times New Roman', Times, serif; line-height: 21px; text-align: justify;\">Deschiderea manifestat\u0103 de CSDE se reg\u0103se\u015fte \u00een temele abordate cu ocazia unor colocvii, mese rotunde, conferin\u0163e pentru care are statutul de organizator, precum \u015fi \u00een caracterul interdisciplinar al proiectelor substan\u0163iale promovate. Dezbaterile reunesc profesioni\u015fti \u2013 cadre didactice, judec\u0103tori, avoca\u0163i, executori judec\u0103tore\u015fti, func\u0163ionari ai institu\u0163iilor na\u0163ionale \u015fi europene. Invita\u0163ii conferin\u0163elor CSDE sunt din \u0163ar\u0103 \u015fi din str\u0103n\u0103tate; am pus accentul pe activitatea de cercetare a tinerilor \u015fi prezentarea activit\u0103\u0163ii acestora.<\/p>\n<p style=\"color: #333333; font-family: Georgia, 'Times New Roman', Times, serif; line-height: 21px; text-align: justify;\"><strong>2. Componen\u0163a<\/strong><\/p>\n<p style=\"color: #333333; font-family: Georgia, 'Times New Roman', Times, serif; line-height: 21px; text-align: justify;\">CSDE a func\u0163ionat \u00een 2011 \u00een urm\u0103toarea componen\u0163\u0103:<\/p>\n<p style=\"color: #333333; font-family: Georgia, 'Times New Roman', Times, serif; line-height: 21px; text-align: justify;\">Prof. univ. dr. Mihai \u015eandru, Coordonator departament, iar ca\u00a0membri ai departamentului:<\/p>\n<p style=\"color: #333333; font-family: Georgia, 'Times New Roman', Times, serif; line-height: 21px; text-align: justify;\">CS II; drd. Ionu\u0163 Ifrim \u2013 CS III\u00a0 \u015fi lector dr. Simona Maya Teodoroiu &#8211;\u00a0 CS III.<\/p>\n<p style=\"color: #333333; font-family: Georgia, 'Times New Roman', Times, serif; line-height: 21px; text-align: justify;\">\u00cen acest an, \u00een activitatea CSDE au fost implicate personalitat\u0103\u0163i din \u0163ar\u0103 \u015fi str\u0103in\u0103tate, care vor fi prezentate \u00een continuare; Consiliul \u015ftiin\u0163ific al Institutului de Cercet\u0103ri Juridice le-a acordat statutul de cercet\u0103tor asociat pentru anii 2010-2012 urm\u0103torilor colegi (\u00een ordine alfabetic\u0103): Constantin\u00a0Mihai Banu \u2013 redator \u015fef adjunct RRDE, lector univ. dr. Raluca Bercea, judec\u0103tor Drago\u015f Alin C\u0103lin, lector univ. dr.\u00a0Radu Chiri\u0163\u0103, Simona Mihaela Constantin, prof. univ. dr. Olimpiu Crauciuc (cercet\u0103tor onorific), lector univ. dr.\u00a0Ana Maria Groza, Roxana Munteanu \u2013 CS II (cercet\u0103tor onorific), lector univ. dr.\u00a0Evelina Oprina, prof. univ. dr.\u00a0Andrei Popescu \u2013 judec\u0103tor TUE (cercet\u0103tor onorific), Ioana Eleonora Rusu, lector univ. dr.\u00a0Andrei S\u0103vescu, prof. univ. dr.\u00a0Elena Simina T\u0103n\u0103sescu, prof. univ. dr. Camelia \u00a0Toader \u2013 judec\u0103tor CJUE (cercet\u0103tor onorific), lector univ. dr.\u00a0Ina Tomescu, Bianca Elena \u0162\u0103nd\u0103rescu.<\/p>\n<p style=\"color: #333333; font-family: Georgia, 'Times New Roman', Times, serif; line-height: 21px; text-align: justify;\"><strong>3. Activit\u0103\u0163i desf\u0103\u015furate<\/strong>:<\/p>\n<p style=\"color: #333333; font-family: Georgia, 'Times New Roman', Times, serif; line-height: 21px; text-align: justify;\"><strong> <\/strong><\/p>\n<p style=\"color: #333333; font-family: Georgia, 'Times New Roman', Times, serif; line-height: 21px; text-align: justify;\"><strong>3.1. Seria de mese rotunde, dezbateri \u015fi conferin\u0163e<\/strong><\/p>\n<p style=\"color: #333333; font-family: Georgia, 'Times New Roman', Times, serif; line-height: 21px; text-align: justify;\">Conferin\u0163a de prezentare a Proiectului CSDE din Seria Consult\u0103ri Europene: \u201c<em>Cartea verde a Comisiei privind op\u0163iunile de politic\u0103 \u00een perspectiva unui drept european al contractelor pentru consumatori \u015fi \u00eentreprinderi<\/em>\u201d (CSDE-SCE-11), 26.01.2011. Au participat lector dr. Gina Orga-Dumitru, lector dr. Lumini\u0163a Tulea\u015fc\u0103, Ramona Mari\u0163iu \u015fi Lauren\u0163iu Sorescu.<\/p>\n<p style=\"color: #333333; font-family: Georgia, 'Times New Roman', Times, serif; line-height: 21px; text-align: justify;\">Conferin\u0163a \u201e<em>Efectele hot\u0103r\u00e2rilor Cur\u0163ii Europene a Drepturilor Omului \u00een perspectiva ader\u0103rii Uniunii Europene la Conven\u0163ie<\/em>\u201d, 22 februarie 2011. Au participat Razvan-Hora\u0163iu Radu,\u00a0Agent Guvernamental al Rom\u00e2niei pentru Curtea European\u0103 a Drepturilor Omului; Prof.univ.dr. Ioan Muraru,\u00a0Avocatul Poporului; Tudor Pan\u0163\u00eeru,\u00a0fost judec\u0103tor la CEDO, membru \u00een Comisia Juridica APCE \u015fi pre\u015fedintele subcomisiei parlamentare din Camera Deputa\u0163ilor pentru monitorizarea execut\u0103rii hot\u0103r\u00e2rilor CEDO contra Rom\u00e2niei; Dr. Titus Corl\u0103\u0163ean<em>; <\/em>Prof.univ.dr. Marin Voicu; Drago\u015f C\u0103lin \u2013 judec\u0103tor Curtea de Apel Bucure\u015fti;\u00a0Drd. C\u0103t\u0103lina Ogarc\u0103 (Matei).<\/p>\n<p style=\"color: #333333; font-family: Georgia, 'Times New Roman', Times, serif; line-height: 21px; text-align: justify;\">Dezbaterea din seria IADUER \u201e<em>Interpretarea \u015fi aplicarea dreptului Uniunii Europene de c\u0103tre instan\u0163ele din Rom\u00e2nia<\/em>\u201d, 23 martie 2011; au participat Drago\u015f C\u0103lin, Mihai Banu \u0219i Mihai \u015eandru.<\/p>\n<p style=\"color: #333333; font-family: Georgia, 'Times New Roman', Times, serif; line-height: 21px; text-align: justify;\">Conferin\u0163a \u201e<em>Soft law \u015fi jurispruden\u0163a Cur\u0163ii de Justi\u0163ie a Uniunii Europene \u00een materie de concuren\u0163\u0103 \u015fi ajutoare de stat: forme hibride de constitu\u0163ionalism<\/em>\u201d, 19 aprilie 2011. A participat Dr Oana Andreea \u015etefan.<\/p>\n<p style=\"color: #333333; font-family: Georgia, 'Times New Roman', Times, serif; line-height: 21px; text-align: justify;\">Conferin\u0163a interna\u0163ional\u0103 \u00ab<em>Hot\u0103r\u00e2rile CEDO \u00een cauzele \u00eempotriva Rom\u00e2niei \u015fi Republicii Moldova. Analiz\u0103, consecin\u0163e, autorit\u0103\u0163i poten\u0163ial responsabile \u00een perioada 1994-2010. Evolu\u0163ia cadrului intern privind imobilele preluate abuziv \u015fi alte posibile disfunc\u0163ionalit\u0103\u0163i sistemice<\/em>\u00bb, (\u00een colaborare cu Editura Universitar\u0103, Asocia\u0163ia Forumul Judec\u0103torilor din Rom\u00e2nia, Asocia\u0163ia Magistra\u0163ilor Europeni pentru Drepturile Omului \u015fi Centrul de Resurse Juridice din Moldova), 10 mai 2011. Au participat: conf. univ. dr.\u00a0<strong>Mihai \u015eandru<\/strong>, dl. judec\u0103tor<strong>Drago\u015f C\u0103lin<\/strong>, Curtea de Apel Bucure\u015fti;\u00a0<strong>Lavinia C\u00eerciumaru<\/strong>, judec\u0103tor, Judec\u0103toria Constan\u0163a;\u00a0<strong>Ionu\u0163 Militaru<\/strong>, judec\u0103tor;\u00a0<strong>Sorina Macrinici, <\/strong>Centrul de Resurse Juridice din Moldova;\u00a0<strong>Irina Cambrea<\/strong>, judec\u0103tor deta\u015fat Agentul Guvernamental al Rom\u00e2niei la CEDO;<strong>Mihail Udroiu<\/strong>, judec\u0103tor deta\u015fat Ministerul Justi\u0163iei.<\/p>\n<p style=\"color: #333333; font-family: Georgia, 'Times New Roman', Times, serif; line-height: 21px; text-align: justify;\">Conferin\u0163a \u201e<em>Proprietatea industrial\u0103 \u015fi concuren\u0163a comercial\u0103 \u00een dreptul UE<\/em>\u201d, 7 iunie 2011. A participat: Dr. iur. Anca Daniela Chiri\u0163\u0103.<\/p>\n<p style=\"color: #333333; font-family: Georgia, 'Times New Roman', Times, serif; line-height: 21px; text-align: justify;\"><strong>Conferin\u0163a \u201eCultura dreptului european: drept \u015fi politic\u0103 \u00een Uniunea European\u0103\u201d, 12 octombrie 2011. Au participat: <\/strong>Jud. Irina Cambrea \u2013\u00a0 Ministerul Afacerilor Externe, Agentul Guvernamental pentru CEDO; Prof. univ. dr. Mihai \u015eandru \u2013 Coordonator Centrul de Studii de Drept European, ICJ; Jud. Drago\u015f C\u0103lin, Pre\u015fedinte \u2013 Asocia\u0163ia Forumul Judec\u0103torilor din Rom\u00e2nia; Jud. Ionu\u0163 Militaru,\u00a0\u00a0 Pre\u015fedinte \u2013 Asocia\u0163ia Magistra\u0163ilor Europeni pentru Drepturile Omului; Drd. Vasile Muscalu, Editura Universitar\u0103, Director\u00a0; Mihai Banu, cercet\u0103tor asociat \u2013 CSDE (ICJ); Drd. Gabriela Zanfir; Dr. Laura-Maria\u00a0Cr\u0103ciunean; Dr. Tudor Avrigeanu \u2013 CSII; Prof. univ. dr. Daniel Barbu.<\/p>\n<p style=\"color: #333333; font-family: Georgia, 'Times New Roman', Times, serif; line-height: 21px; text-align: justify;\">C<strong>onferin\u0163a\u00a0 \u201e<em>Politica maritim\u0103 integrat\u0103 a Uniunii Europene<\/em>\u201d, sus\u0163inut\u0103 de c\u0103tre prof. univ. dr. Marin Voicu,<\/strong> 8 noiembrie 2011.<\/p>\n<p style=\"color: #333333; font-family: Georgia, 'Times New Roman', Times, serif; line-height: 21px; text-align: justify;\">Conferin\u0163a \u201eSociet\u0103\u0163ile comerciale \u00een Uniunea European\u0103\u201d, 18 noiembrie 2011. Au participat dr. Mihai Sandru; Nicolae Turcu, Prof. univ. dr. Gheorghe Piperea, dr. Manole Ciprian Popa, dr. Drago\u015f C\u0103lin, lector univ. dr. Luminita Tuleasca; lector dr. Flaminia St\u00e2rc-Meclejan; drd. Kokoly Zsolt, Dr. Lauren\u0163iu Sorescu; Zaira Bamberger; lector univ. dr. Lucian S\u0103uleanu.<\/p>\n<p style=\"color: #333333; font-family: Georgia, 'Times New Roman', Times, serif; line-height: 21px; text-align: justify;\"><strong>Conferin\u0163a \u201eInstan\u0163ele na\u0163ionale \u015fi jurispruden\u0163a CEDO \u00een materia contraven\u0163iilor. Prezum\u0163ia de nevinov\u0103\u0163ie vs. prezum\u0163ia de legalitate\u201d, 8 decembrie 2011. Au participat: Mihai \u015eandru, <\/strong>Sorin Vasilescu, Ionu\u0163 Militaru, Dr. Mircea Ursu\u0163a, Dr. Lauren\u0163iu Sorescu.<strong> <\/strong><\/p>\n<p style=\"color: #333333; font-family: Georgia, 'Times New Roman', Times, serif; line-height: 21px; text-align: justify;\"><strong> <\/strong><\/p>\n<p style=\"color: #333333; font-family: Georgia, 'Times New Roman', Times, serif; line-height: 21px; text-align: justify;\"><strong>3.2. Seria \u201eConsult\u0103ri europene\u201d<\/strong><\/p>\n<p style=\"color: #333333; font-family: Georgia, 'Times New Roman', Times, serif; line-height: 21px; text-align: justify;\"><strong><span style=\"color: #51555c; font-family: helvetica, arial, sans-serif; font-size: 12px; line-height: 18px;\">Comisia Europeana a publicat proiectul CSDE realizat de catre Gina Orga Dumitriu, Laurentiu Sorescu, Luminita Tuleasca, Ramona Maritiu, \u201cCartea Verde a Comisiei privind op\u0163iunile de politic\u0103 \u00een perspectiva unui drept european al contractelor pentru consumatori \u015fi \u00eentreprinderi\u201d (CSDE-SCE-11)\u00a0\u2013 <\/span><a style=\"border-image: initial; outline-width: 0px; outline-style: initial; outline-color: initial; font-size: 12px; vertical-align: baseline; background-image: initial; background-attachment: initial; background-origin: initial; background-clip: initial; color: #a00004; text-decoration: none; font-family: helvetica, arial, sans-serif; line-height: 18px; padding: 0px; margin: 0px; border: 0px initial initial;\" href=\"http:\/\/ec.europa.eu\/justice\/news\/consulting_public\/0052\/contributions\/57_en.pdf\" target=\"_blank\">aici<\/a><\/strong><\/p>\n<p>Rezultatele acestei cercet\u0103ri au mai fost publicate \u00een Curierul Judiciar si RRDE: Lector univ. dr. Gina Orga-Dumitriu, Procuror dr. Laurentiu Sorescu,\u00a0Optiunile de politica in perspectiva unui drept european al contractelor,\u00a0Curierul Judiciar nr.\u00a02\/2011; Varianta in limba romana este publicata de catre Revista Romana de Drept European, nr. 1\/2011<\/p>\n<p style=\"color: #333333; font-family: Georgia, 'Times New Roman', Times, serif; line-height: 21px; text-align: justify;\">Proiect CSDE in Seria Consultari Europene: \u201e<em>Analiza Raportului privind respectarea drepturilor de proprietate intelectual\u0103<\/em>\u201d (CSDE-SCE-20)<\/p>\n<p style=\"color: #333333; font-family: Georgia, 'Times New Roman', Times, serif; line-height: 21px; text-align: justify;\">Proiect CSDE in Seria Consultari Europene: \u201e<em>Identificarea dificult\u0103\u0163ilor \u00een materia solu\u0163ion\u0103rii alternative a diferendelor \u00een Uniunea European\u0103<\/em>\u201d (CSDE-SCE-21)<\/p>\n<p>Rezultatele cercet\u0103rii au fost publicate \u00een Revista Forumul Judec\u0103torilor, nr. 3\/2011<\/p>\n<p style=\"color: #333333; font-family: Georgia, 'Times New Roman', Times, serif; line-height: 21px; text-align: justify;\">Proiect CSDE in Seria Consultari Europene: \u201e<em>Modernizarea pie\u0163ei europene a achizi\u0163iilor publice<\/em>\u201d (CSDE-SCE-22)<\/p>\n<p style=\"color: #333333; font-family: Georgia, 'Times New Roman', Times, serif; line-height: 21px; text-align: justify;\">Proiect CSDE in Seria Consultari Europene: \u201e<em>Abordarea european\u0103 coerent\u0103 privind ac\u0163iunea colectiv\u0103 (\u00een justi\u0163ie)<\/em>\u201d (CSDE-SCE-23)<\/p>\n<p style=\"color: #333333; font-family: Georgia, 'Times New Roman', Times, serif; line-height: 21px; text-align: justify;\"><strong>3.3. Publica\u0163ii sus\u0163inute de c\u0103tre CSDE<\/strong><\/p>\n<p style=\"color: #333333; font-family: Georgia, 'Times New Roman', Times, serif; line-height: 21px; text-align: justify;\"><em>Medierea \u00een Uniunea European\u0103. Stadiu \u015fi perspective<\/em>, Drago\u015f C\u0103lin (coord.), Sanda Lungu, Gabriela C\u0103lbureanu, Roxana Maria Lacatu\u015fu, Lucia Zaharia, Paula-Andrada Co\u0163ovanu, Ionu\u0163 Militaru, Aurora Burtescu, Alexandra Neagu, \u015etefania Marinescu, Oana Ignat, Clara Popescu \u015fi Katalin Barbara Kibedi, Editura Universitar\u0103, Bucure\u015fti, ISBN 606-591-032-4<\/p>\n<p style=\"color: #333333; font-family: Georgia, 'Times New Roman', Times, serif; line-height: 21px; text-align: justify;\"><em>Hot\u0103r\u00e2rile Cur\u0163ii Europene a Drepturilor Omului \u00eempotriva Rom\u00e2niei. Analiz\u0103, autorit\u0103\u0163i poten\u0163ial responsabile, consecin\u0163e 2010, volumul VI<\/em>, Drago\u015f C\u0103lin (coord.), Lucia Zaharia, Roxana Maria Lacatu\u015fu, Paula-Andrada Co\u0163ovanu, Ionu\u0163 Militaru, Mihaela Vasiescu, Lavinia C\u00eerciumaru, Florin Mih\u0103i\u0163\u0103, Elena Blidaru \u015fi Cristina Radu, Editura Universitar\u0103 Bucure\u015fti, ISBN 978-606-591-166-6<\/p>\n<p style=\"color: #333333; font-family: Georgia, 'Times New Roman', Times, serif; line-height: 21px; text-align: justify;\"><em>Culegere de hot\u0103r\u00e2ri judec\u0103tore\u015fti pronun\u0163ate \u00een materia medierii<\/em>, Drago\u015f C\u0103lin (coord.), Roxana Maria Lacatu\u015fu \u015fi Sanda Lungu, Editura Universitar\u0103, Bucure\u015fti, ISBN 978-606-591-208-3<\/p>\n<p style=\"color: #333333; font-family: Georgia, 'Times New Roman', Times, serif; line-height: 21px; text-align: justify;\"><strong>3.4. CSDE \u2013 parteneri \u00een alte activit\u0103\u0163i \u015ftiin\u0163ifice<\/strong><\/p>\n<p style=\"color: #333333; font-family: Georgia, 'Times New Roman', Times, serif; line-height: 21px; text-align: justify;\">3.4.1. Studiu privind\u00a0<em>v<\/em><em>iitorul cadru institu\u0163ional \u015fi\u00a0legislativ al cooper\u0103rii judiciare \u00een materie penal\u0103 \u00een Uniunea European\u0103.<\/em><\/p>\n<p style=\"color: #333333; font-family: Georgia, 'Times New Roman', Times, serif; line-height: 21px; text-align: justify;\">Institutul de Cercetare Interna\u0163ional\u0103 a Politicii Penale din cadrul Universit\u0103\u0163ii din Ghent, Belgia, realizeaz\u0103, sub coordonarea renumitului profesor\u00a0Gert Vermeulen,\u00a0un studiu privind<em>v<\/em><em>iitorul cadru institu\u0163ional \u015fi\u00a0legislativ al cooper\u0103rii judiciare \u00een materie penal\u0103 \u00een Uniunea European\u0103.<\/em><\/p>\n<p style=\"color: #333333; font-family: Georgia, 'Times New Roman', Times, serif; line-height: 21px; text-align: justify;\">\u00cen cadrul Proiectului, Centrul de Studii de Drept European al Institutului de Cercet\u0103ri Juridice al Academiei Rom\u00e2ne va g\u0103zdui \u00een data de 3 mai 2011, o \u00eent\u00e2lnire de lucru a exper\u0163ilor rom\u00e2ni implica\u0163i \u00een proiect (Mariana Radu, Punct de Contact Unic pentru Rom\u00e2nia, \u015fef serviciu, Ministerul Justi\u0163iei, Mihaela P\u0103tr\u0103u\u015f, judec\u0103tor, Curtea de Apel Oradea, Gabriel Petrache, procuror sef sec\u0163ie, Parchetul de pe l\u00e2ng\u0103 Curtea de Apel Gala\u0163i, Florin-R\u0103zvan Radu, personal de specialitate juridic\u0103 asimilat, potrivit legii, judec\u0103torilor si procurorilor \u00een Ministerul Justi\u0163iei, expert na\u0163ional deta\u015fat la Eurojust) cu unul din membrii echipei de proiect, domnul Laurens van Puyenbroeck.<\/p>\n<h5 style=\"color: #333333; font-family: Georgia, 'Times New Roman', Times, serif; line-height: 21px; text-align: justify;\">3.4.2. Conferin\u0163\u0103 \u201eImplica\u0163ii actuale \u015fi de perspectiv\u0103 ale economicului asupra socialului\u201d, Bucure\u015fti, 20 mai 2011 (\u00een colaborare cu Asocia\u0163ia pentru Promovarea Spiritului Antreprenorial).<\/h5>\n<p style=\"color: #333333; font-family: Georgia, 'Times New Roman', Times, serif; line-height: 21px; text-align: justify;\"><strong>3.5. Prezent\u0103ri \u015fi dezbateri asupra unor lucr\u0103ri de specialitate<\/strong><\/p>\n<p style=\"color: #333333; font-family: Georgia, 'Times New Roman', Times, serif; line-height: 21px; text-align: justify;\">26 ianuarie 2011:\u00a0<strong>Elsa Bernard, <\/strong><em>La sp\u00e9cificit\u00e9 du standard juridique en droit communautaire<\/em>, Bruylant,\u00a02010.<\/p>\n<p style=\"color: #333333; font-family: Georgia, 'Times New Roman', Times, serif; line-height: 21px; text-align: justify;\">23 februarie 2011:<strong> Giuseppe Martinico, Oreste Pollicino<\/strong> (ed),\u00a0<em>The National Judicial Treatment of the ECHR and EU Laws. A Comparative Constitutional Perspective<\/em>, Europa Law Publishing, 2010<\/p>\n<p style=\"color: #333333; font-family: Georgia, 'Times New Roman', Times, serif; line-height: 21px; text-align: justify;\">23 martie 2011,\u00a0<strong>Elaine Fahey<\/strong>,\u00a0<em>Practice and Procedure in Preliminary References to Europe: 30 years of Article 234 EC Caselaw from the Irish Courts<\/em>, First Law, Dublin, 2007, ISSN 978-1-904480-84-6;<\/p>\n<p style=\"color: #333333; font-family: Georgia, 'Times New Roman', Times, serif; line-height: 21px; text-align: justify;\">7 iunie 2011, <strong>F.O.W. (Floris)Vogelaar<\/strong>, <em>The EU Competition Rules. Landmark Cases of the EU Courts and the European Commission<\/em>, Europa Law Publishing, 2010<\/p>\n<p style=\"color: #333333; font-family: Georgia, 'Times New Roman', Times, serif; line-height: 21px; text-align: justify;\">8 noiembrie 2011 \u2013 Relansarea \u201e<em>Revistei de Drept Maritim \u2013 DMR<\/em>\u201d, \u00een prezen\u0163a membrilor colegiului \u015ftiin\u0163ific \u015fi a redactorului \u015fef, prof. univ. dr.\u00a0<strong>Marin Voicu<\/strong>.<strong> <\/strong><\/p>\n<p style=\"color: #333333; font-family: Georgia, 'Times New Roman', Times, serif; line-height: 21px; text-align: justify;\">12 octombrie 2011:\u00a0<strong>M. Maduro &amp; L. Azoulai (ed.)<\/strong>, The Past and Future of EU Law, Hart, 2010; \u0219i\u00a0<strong>P. Craig &amp; G. de B\u00farca<\/strong>,\u00a0<em>The Evolution of EU Law<\/em>, Oxford University Press, 2011<\/p>\n<p style=\"color: #333333; font-family: Georgia, 'Times New Roman', Times, serif; line-height: 21px; text-align: justify;\">18 noiembrie 2011:\u00a0<strong>Thomas Gr. Papadopoulos<\/strong>,\u00a0<em>EU Law and Harmonization of Takeovers in the Internal Market<\/em>,\u00a0Wolters Kluwer, 2010<\/p>\n<p style=\"color: #333333; font-family: Georgia, 'Times New Roman', Times, serif; line-height: 21px; text-align: justify;\"><strong>3.6. Lans\u0103ri de carte<\/strong><\/p>\n<p style=\"color: #333333; font-family: Georgia, 'Times New Roman', Times, serif; line-height: 21px; text-align: justify;\">12 octombrie 2011: ***, European Stories. Intellectual Debates on Europe in National Contexts, Edited by Justine Lacroix and Kalypso Nicola\u00efdis, OUP, 2011, 432 p., 978-0-19-959462-7; a participat dl prof. univ. dr. Daniel Barbu<strong> <\/strong><\/p>\n<p style=\"color: #333333; font-family: Georgia, 'Times New Roman', Times, serif; line-height: 21px; text-align: justify;\">8 decembrie 2011:<strong> <\/strong>Ovidiu Podaru, Radu Chiri\u0163\u0103,\u00a0<em>Regimul juridic al contraven\u0163iilor. O.G. nr. 2\/2001 comentat\u0103<\/em>, Hamangiu, Bucure\u015fti, a 2-a, revizuit\u0103 \u015fi adaugit\u0103, ISBN 978-606-522-424-7, 360 p., 2011.<\/p>\n<p style=\"color: #333333; font-family: Georgia, 'Times New Roman', Times, serif; line-height: 21px; text-align: justify;\">18 noiembrie 2011: \u201e<em>Grupurile de societ\u0103\u0163i<\/em>\u201d, de\u00a0<strong>Manole Ciprian Popa<\/strong>, \u015fi \u201e<em>Votul asocia\u0163ilor \u00een societ\u0103\u0163ile pe ac\u0163iuni<\/em>\u201d, de\u00a0<strong>Flaminia St\u00e2rc-Meclejan<\/strong> editate de C.H.Beck \u00een 2011.<\/p>\n<p style=\"color: #333333; font-family: Georgia, 'Times New Roman', Times, serif; line-height: 21px; text-align: justify;\">8 decembrie 2011 \u2013\u00a0<strong>Ovidiu Podaru, Radu Chiri\u0163\u0103, <\/strong><em>Regimul juridic al contraven\u0163iilor. O.G. nr. 2\/2001 comentat\u0103<\/em>, Hamangiu, Bucure\u015fti, a 2-a, revizuit\u0103 \u015fi adaugit\u0103, ISBN 978-606-522-424-7, 360 p., 2011.<\/p>\n<p style=\"color: #333333; font-family: Georgia, 'Times New Roman', Times, serif; line-height: 21px; text-align: justify;\"><strong>3.7. Parteneriate<\/strong><\/p>\n<p style=\"color: #333333; font-family: Georgia, 'Times New Roman', Times, serif; line-height: 21px; text-align: justify;\">Institutul de Cercet\u0103ri Juridice \u201eAcad. Andrei R\u0103dulescu\u201d al Academiei Rom\u00e2ne \u2013 Centrul de Studii de Drept European, Editura Universitar\u0103, Asocia\u0163ia Forumul Judec\u0103torilor din Rom\u00e2nia \u015fi Asocia\u0163ia Magistra\u0163ilor Europeni pentru Drepturile Omului<em> <\/em>\u2013 15 iulie 2011<\/p>\n<p style=\"color: #333333; font-family: Georgia, 'Times New Roman', Times, serif; line-height: 21px; text-align: justify;\">Protocol de colaborare \u00eentre Agentul Guvernamental pentru CEDO, prin Ministerul Afacerilor Externe, Institutul de Cercet\u0103ri Juridice \u201eAcad. Andrei R\u0103dulescu\u201d al Academiei Rom\u00e2ne \u2013 Centrul de Studii de Drept European, Editura Universitar\u0103, Asocia\u0163ia Forumul Judec\u0103torilor din Rom\u00e2nia \u015fi Asocia\u0163ia Magistra\u0163ilor Europeni pentru Drepturile Omului, 12 octombrie 2011.<\/p>\n<p style=\"color: #333333; font-family: Georgia, 'Times New Roman', Times, serif; line-height: 21px; text-align: justify;\">Parteneriatul cu editura juridic\u0103 interna\u0163ional\u0103, Hart Publishing, octombrie 2011.<\/p>\n<p style=\"color: #333333; font-family: Georgia, 'Times New Roman', Times, serif; line-height: 21px; text-align: justify;\">Parteneriatul cu Oxford University Press, 2011<\/p>\n<p style=\"color: #333333; font-family: Georgia, 'Times New Roman', Times, serif; line-height: 21px; text-align: justify;\">Parteneriat \u00een realizarea revistei <em><a href=\"http:\/\/curieruljudiciar.ro\/colaboratori\/\" target=\"_blank\">Curierul Judiciar<\/a><\/em><\/p>\n<p style=\"color: #333333; font-family: Georgia, 'Times New Roman', Times, serif; line-height: 21px; text-align: justify;\"><strong>3.8. Parteneri media<\/strong><\/p>\n<p style=\"color: #333333; font-family: Georgia, 'Times New Roman', Times, serif; line-height: 21px; text-align: justify;\">Activit\u0103\u0163ile CSDE au fost reflectate de c\u0103tre site-urile de specialitate (<a style=\"color: #0e4f8c; text-decoration: none;\" href=\"http:\/\/www.juridice.ro\/\">www.juridice.ro<\/a>, www.infolegal.ro), agen\u0163iile de pres\u0103 (\u00een special, Agerpress, www.agerpres.ro), precum \u015fi de partenerii no\u015ftrii editoriali: Editura C.H. Beck, Editura Universitar\u0103, Editura Universul Juridic.<\/p>\n<p style=\"color: #333333; font-family: Georgia, 'Times New Roman', Times, serif; line-height: 21px; text-align: justify;\">Un rol activ \u00een reflectarea evenimentele CSDE l-a avut site-ul juridic\u00a0<a style=\"color: #0e4f8c; text-decoration: none;\" href=\"http:\/\/www.juridice.ro\/\">www.juridice.ro<\/a><\/p>\n<p style=\"color: #333333; font-family: Georgia, 'Times New Roman', Times, serif; line-height: 21px; text-align: justify;\">Edituri partenere: Editura Universitar\u0103, Editura\u00a0 Universul Juridic, Editura C.H. Beck, Editura Hamangiu.<\/p>\n<p style=\"color: #333333; font-family: Georgia, 'Times New Roman', Times, serif; line-height: 21px; text-align: justify;\">Principalii parteneri pentru publicarea materialelor au fost Revista Rom\u00e2n\u0103 de Drept European (Wolters Kluwer), Revista Curierul Judicial (C.H.Beck)<\/p>\n<p style=\"color: #333333; font-family: Georgia, 'Times New Roman', Times, serif; line-height: 21px; text-align: justify;\"><strong> <\/strong><\/p>\n<p style=\"color: #333333; font-family: Georgia, 'Times New Roman', Times, serif; line-height: 21px; text-align: justify;\"><strong>3.9. Sus\u0163inerea evenimentelor<\/strong><\/p>\n<p style=\"color: #333333; font-family: Georgia, 'Times New Roman', Times, serif; line-height: 21px; text-align: justify;\"><strong>3.9.1.<\/strong> Mapele evenimentelor au fost tip\u0103rite de c\u0103tre Editura Universitar\u0103.<\/p>\n<p style=\"color: #333333; font-family: Georgia, 'Times New Roman', Times, serif; line-height: 21px; text-align: justify;\">Activit\u0103\u0163ile CSDE au fost reflectate de c\u0103tre \u201eRevista Rom\u00e2n\u0103 de Drept European\u201d, unde au fost publicate studiile participan\u0163ilor precum \u015fi reflectarea (rezumatele) conferin\u0163elor.<\/p>\n<p style=\"color: #333333; font-family: Georgia, 'Times New Roman', Times, serif; line-height: 21px; text-align: justify;\"><strong>3.9.2.<\/strong> Participare la t\u00e2rguri. In anul 2011, CSDE a participat al\u0103turi de Editura Universitar\u0103, la t\u00e2rgul Interna\u0163ional de carte Gaudeamus (23-27 noiembrie), prilej cu care au fost prezentate rezultatele cercet\u0103rii \u015fi oferta de cercetare a CSDE.<\/p>\n<p style=\"color: #333333; font-family: Georgia, 'Times New Roman', Times, serif; line-height: 21px; text-align: justify;\"><strong>3.10. Site-uri \u015fi grupuri de discu\u0163ii<\/strong><\/p>\n<p style=\"color: #333333; font-family: Georgia, 'Times New Roman', Times, serif; line-height: 21px; text-align: justify;\"><strong>3.10.1.<\/strong> Principalul site al CSDE este\u00a0<a style=\"color: #0e4f8c; text-decoration: none;\" rel=\"nofollow\" href=\"http:\/\/www.csde.ro\/\">www.csde.ro<\/a><\/p>\n<p style=\"color: #333333; font-family: Georgia, 'Times New Roman', Times, serif; line-height: 21px; text-align: justify;\">De asemenea, sunt administrate \u015fi diseminate informa\u0163ii prin intermediul\u00a0 blogurilor<\/p>\n<p style=\"color: #333333; font-family: Georgia, 'Times New Roman', Times, serif; line-height: 21px; text-align: justify;\"><a style=\"color: #0e4f8c; text-decoration: none;\" rel=\"nofollow\" href=\"http:\/\/eubusinesslaw.wordpress.com\/\" target=\"_blank\">Dreptul european al afacerilor<\/a><\/p>\n<p style=\"color: #333333; font-family: Georgia, 'Times New Roman', Times, serif; line-height: 21px; text-align: justify;\"><a style=\"color: #0e4f8c; text-decoration: none;\" rel=\"nofollow\" href=\"http:\/\/eucompanylaw.wordpress.com\/\" target=\"_blank\">Societ\u0103\u0163ile comerciale \u00een Uniunea European\u0103<\/a><\/p>\n<p style=\"color: #333333; font-family: Georgia, 'Times New Roman', Times, serif; line-height: 21px; text-align: justify;\">Interpretarea \u015fi aplicarea dreptului Uniunii Europene (<a style=\"color: #0e4f8c; text-decoration: none;\" rel=\"nofollow\" href=\"http:\/\/www.csde.ro\/www.iaduer.ro\" target=\"_blank\">IADUER<\/a>)<\/p>\n<p style=\"color: #333333; font-family: Georgia, 'Times New Roman', Times, serif; line-height: 21px; text-align: justify;\"><strong> <\/strong><\/p>\n<p style=\"color: #333333; font-family: Georgia, 'Times New Roman', Times, serif; line-height: 21px; text-align: justify;\"><strong>3.10.2.<\/strong> Grupuri\/lista de discu\u0163ii \u015fi newsletter\u00a0<strong>(<\/strong><strong><a style=\"color: #0e4f8c; text-decoration: none;\" rel=\"nofollow\" href=\"http:\/\/www.csde.ro\/?p=485\" target=\"_blank\">detalii<\/a><\/strong><strong>): <\/strong><a style=\"color: #0e4f8c; text-decoration: none;\" rel=\"nofollow\" href=\"http:\/\/groups.yahoo.com\/group\/csde\/\" target=\"_blank\">Grupul de discu\u0163ii CSDE<\/a>,\u00a0<a style=\"color: #0e4f8c; text-decoration: none;\" rel=\"nofollow\" href=\"http:\/\/groups.yahoo.com\/group\/newsletter_csde\/\" target=\"_blank\">Newsletter CSDE<\/a>,\u00a0<a style=\"color: #0e4f8c; text-decoration: none;\" rel=\"nofollow\" href=\"http:\/\/www.linkedin.com\/groups\/Centrul-de-Studii-de-Drept-4182878?goback=%2Emid_I143244941*460\" target=\"_blank\">LinkedIn<\/a><\/p>\n<p style=\"color: #333333; font-family: Georgia, 'Times New Roman', Times, serif; line-height: 21px; text-align: justify;\"><strong>3.11. <\/strong>Coordonarea disemin\u0103rii informa\u0163iei pe internet<strong> <\/strong><\/p>\n<p style=\"color: #333333; font-family: Georgia, 'Times New Roman', Times, serif; line-height: 21px; text-align: justify;\">CSDE sustine sectiunea &#8222;<a href=\"http:\/\/www.juridice.ro\/eu-law\/\" target=\"_blank\">Dreptul Uniunii Europene<\/a>&#8221; din cadrul site-ului juridice.ro<\/p>\n<p style=\"color: #333333; font-family: Georgia, 'Times New Roman', Times, serif; line-height: 21px; text-align: justify;\"><strong>4. Realiz\u0103ri 2011<\/strong><\/p>\n<p style=\"color: #333333; font-family: Georgia, 'Times New Roman', Times, serif; line-height: 21px; text-align: justify;\">\u00cen anul 2011 CSDE a avut ca element cheie al cercet\u0103rii sale problema trimiterii preliminare. Acest lucru a fost reflectat \u00een studiile \u015fi articolele care au fost publicate \u00een Revista Rom\u00e2n\u0103 de Drept European \u015fi Revista Curierul Judiciar, traducerile realizate de c\u0103tre Mihai Banu (articole publicate \u00een RRDE), urm\u00e2nd ca la \u00eenceputul anului 2012 s\u0103 apar\u0103 (la C.H.Beck) un un volum \u00een acest domeniu (<strong>Mihai Sandru, Mihai Banu, Dragos Calin<\/strong>,\u00a0<em>Procedura trimiterii preliminare. Principii de drept al Uniunii Europene si experiente ale sistemului roman de drept<\/em>,\u00a0Editura C.H. Beck, 2012).<\/p>\n<p style=\"color: #333333; font-family: Georgia, 'Times New Roman', Times, serif; line-height: 21px; text-align: justify;\"><strong>5. Proiecte 2011 \u015fi \u00een curs de realizare:<\/strong><\/p>\n<p style=\"color: #333333; font-family: Georgia, 'Times New Roman', Times, serif; line-height: 21px; text-align: justify;\"><strong>5.1. Proiecte de cercetare:<\/strong><\/p>\n<p style=\"margin-top: 0px; margin-right: 0px; margin-bottom: 18px; margin-left: 0px; border-image: initial; outline-width: 0px; outline-style: initial; outline-color: initial; vertical-align: baseline; background-image: initial; background-attachment: initial; background-origin: initial; background-clip: initial; color: #51555c; padding: 0px; border: 0px initial initial;\">2010 \u2013 Procedura trimiterii preliminare. Principii de drept al Uniunii Europene \u015fi experien\u0163e ale sistemului rom\u00e2n de drept<\/p>\n<p style=\"margin-top: 0px; margin-right: 0px; margin-bottom: 18px; margin-left: 0px; border-image: initial; outline-width: 0px; outline-style: initial; outline-color: initial; vertical-align: baseline; background-image: initial; background-attachment: initial; background-origin: initial; background-clip: initial; color: #51555c; padding: 0px; border: 0px initial initial;\">2011 \u2013 Libertatea de stabilire a societatilor comerciale in Uniunea Europeana<\/p>\n<p style=\"margin-top: 0px; margin-right: 0px; margin-bottom: 18px; margin-left: 0px; border-image: initial; outline-width: 0px; outline-style: initial; outline-color: initial; vertical-align: baseline; background-image: initial; background-attachment: initial; background-origin: initial; background-clip: initial; color: #51555c; padding: 0px; border: 0px initial initial;\">2012 \u2013 Elemente de noutate \u00een Tratatul de la Lisabona. O evaluare la doi ani de la intrarea in vigoare<\/p>\n<p style=\"color: #333333; font-family: Georgia, 'Times New Roman', Times, serif; line-height: 21px; text-align: justify;\"><strong>5.2. Proiect de realizare a unui working paper, prin anun\u0163are public\u0103:<\/strong><\/p>\n<p style=\"color: #333333; font-family: Georgia, 'Times New Roman', Times, serif; line-height: 21px; text-align: justify;\">Tratatul de la Lisabona, \u201eDe la principiile democratice (TUE) la principii (TFUE)\u201d \u2013 finalizat \u00een 2011. Articolul care a f\u0103cut obiectul WP-CSDE 2010-2011, Alessandro IANNIELLO-SALICETI,\u00a0C\u0103tre sursa principiilor generale ale dreptului: de la Codul Regatului Sardiniei din 1837 la Tratatul de la Lisabona din 2007, a fost publicat \u00een RRDE, nr. 2\/2011]<\/p>\n<p style=\"color: #333333; font-family: Georgia, 'Times New Roman', Times, serif; line-height: 21px; text-align: justify;\">\u201e<em>Rolul judec\u0103torului na\u0163ional \u00een interpretarea \u015fi aplicarea dreptului Uniunii Europene<\/em>\u201d, termen limit\u0103 10.02.2012.<\/p>\n<p style=\"color: #333333; font-family: Georgia, 'Times New Roman', Times, serif; line-height: 21px; text-align: justify;\"><strong>5.3. Programele curente ale Centrului de Studii de Drept European:<\/strong><\/p>\n<p style=\"color: #333333; font-family: Georgia, 'Times New Roman', Times, serif; line-height: 21px; text-align: justify;\">Programele curente ale Centrului de Studii de Drept European:<\/p>\n<ul style=\"margin-left: 0px; padding-top: 0px; padding-right: 0px; padding-bottom: 0px; list-style-type: none; list-style-position: initial; list-style-image: initial; padding-left: 10px; text-indent: -10px; color: #333333; font-family: Georgia, 'Times New Roman', Times, serif; line-height: 21px; text-align: justify;\">\n<li style=\"margin-top: 7px; margin-right: 0px; margin-bottom: 8px; margin-left: 10px;\">\u00b7 \u201e<em>Interpretarea \u015fi aplicarea dreptului Uniunii Europene de c\u0103tre instan\u0163ele din Rom\u00e2nia<\/em>\u201d (IADUER) \u2013 realizat \u00eempreun\u0103 cu Asocia\u0163ia Forumul Judec\u0103torilor din Rom\u00e2nia \u015fi editura C.H.Beck (<em>Curierul Judiciar<\/em>);<\/li>\n<li style=\"margin-top: 7px; margin-right: 0px; margin-bottom: 8px; margin-left: 10px;\">\u00b7 \u201e<em>Cultura dreptului european<\/em>\u201d \u2013 dezbateri cu personalit\u0103\u0163i \u015fi tineri cercet\u0103tori; prezentarea\/lansarea unor lucr\u0103ri ale editurilor partenere (din \u0163ar\u0103 \u2013 C.H.Beck, Universitar\u0103, Universul Juridic, Wolters Kluwer, sau din str\u0103in\u0103tate \u2013 Bruylant, Cambridge University Press, Hart Publishing, Oxford University Press, T.M.C.\u00a0Asser\u00a0Press, Wolters Kluwer International);<\/li>\n<li style=\"margin-top: 7px; margin-right: 0px; margin-bottom: 8px; margin-left: 10px;\">\u00b7 \u201e<em>Consult\u0103ri europene<\/em>\u201d \u2013 program destinat \u00eent\u0103ririi capacit\u0103\u0163ii proactive (de anticipare) a speciali\u015ftilor din Rom\u00e2nia \u00een fa\u0163a problemelor curente ale Uniunii Europene;<\/li>\n<li style=\"margin-top: 7px; margin-right: 0px; margin-bottom: 8px; margin-left: 10px;\">\u00b7 Proiectul<em> <\/em>\u201e<em>JurisClasor CEDO (Clasorul de jurispruden\u0163\u0103 CEDO)<\/em>\u201d \u2013\u00a0se desf\u0103\u015foar\u0103 \u00een baza unui parteneriat cu Editura Universitar\u0103, Asocia\u0163ia Magistra\u0163ilor Europeni pentru Drepturile Omului (AMEDO) \u015fi Asocia\u0163ia Forumul Judec\u0103torilor din Rom\u00e2nia, are ca scop publicarea\u00a0jurispruden\u0163ei Cur\u0163ii Europene a Drepturilor Omului \u00een limba rom\u00e2n\u0103 \u015fi cuprinde trei sec\u0163iuni distincte, respectiv o\u00a0<strong>culegere tip\u0103rit\u0103 anual<\/strong> cu toate\u00a0hot\u0103r\u00e2rile de condamnare a Rom\u00e2niei cu analiza consecin\u0163elor \u015fi a autorit\u0103\u0163ilor poten\u0163ial responsabile,\u00a0o\u00a0<strong>revist\u0103 online<\/strong><strong> <\/strong>\u00een care sunt publicate articole de specialitate, hot\u0103r\u00e2ri importante pronun\u0163ate de CEDO \u00eempotriva Rom\u00e2niei, hot\u0103r\u00e2ri relevante pentru dreptul intern, pronun\u0163ate \u015fi \u00eempotriva altor state, decizii de inadmisibilitate, nout\u0103\u0163i privind drepturile omului, recenzii \u015f.a.m.d., precum \u015fi o\u00a0<strong>baz\u0103 de date<\/strong><strong> <\/strong>cu motor de c\u0103utare avansat\u0103 (www.hotararicedo.ro).<\/li>\n<\/ul>\n<p style=\"color: #333333; font-family: Georgia, 'Times New Roman', Times, serif; line-height: 21px; text-align: center;\"><strong>Prof. univ. dr. Daniel-Mihail \u015eandru<\/strong><br \/>\nCoordonator Centrul de Studii de Drept European,<br \/>\nInstitutul de Cercet\u0103ri Juridice Acad. \u201cAndrei Radulescu\u201d<br \/>\nal Academiei Rom\u00e2ne<\/p>\n","protected":false},"excerpt":{"rendered":"<p>Centrul de Studii de Drept European a elaborat Raportul de activitate pentru anul 2011. 2011 reprezinta anul de continuitate in activitatea noastra, \u00een care proiectele incepute in 2010 au continuat si am adaugat participarea noastra la Proiectul &#8222;JurisClasor CEDO&#8221;.\u00a0Am lansat si primul apel public pentru &#8222;working paper&#8221; si am \u00eencheiat parteneriate cu edituri importante &#8211; [&hellip;]<\/p>\n","protected":false},"author":1,"featured_media":0,"comment_status":"open","ping_status":"closed","sticky":false,"template":"","format":"standard","meta":{"footnotes":""},"categories":[25,7,19],"tags":[],"class_list":["post-737","post","type-post","status-publish","format-standard","hentry","category-alte-publicatii","category-despre-noi","category-rapoarte-anuale"],"_links":{"self":[{"href":"http:\/\/www.csde.ro\/index.php?rest_route=\/wp\/v2\/posts\/737"}],"collection":[{"href":"http:\/\/www.csde.ro\/index.php?rest_route=\/wp\/v2\/posts"}],"about":[{"href":"http:\/\/www.csde.ro\/index.php?rest_route=\/wp\/v2\/types\/post"}],"author":[{"embeddable":true,"href":"http:\/\/www.csde.ro\/index.php?rest_route=\/wp\/v2\/users\/1"}],"replies":[{"embeddable":true,"href":"http:\/\/www.csde.ro\/index.php?rest_route=%2Fwp%2Fv2%2Fcomments&post=737"}],"version-history":[{"count":0,"href":"http:\/\/www.csde.ro\/index.php?rest_route=\/wp\/v2\/posts\/737\/revisions"}],"wp:attachment":[{"href":"http:\/\/www.csde.ro\/index.php?rest_route=%2Fwp%2Fv2%2Fmedia&parent=737"}],"wp:term":[{"taxonomy":"category","embeddable":true,"href":"http:\/\/www.csde.ro\/index.php?rest_route=%2Fwp%2Fv2%2Fcategories&post=737"},{"taxonomy":"post_tag","embeddable":true,"href":"http:\/\/www.csde.ro\/index.php?rest_route=%2Fwp%2Fv2%2Ftags&post=737"}],"curies":[{"name":"wp","href":"https:\/\/api.w.org\/{rel}","templated":true}]}}