{"id":2951,"date":"2015-12-17T17:18:24","date_gmt":"2015-12-17T15:18:24","guid":{"rendered":"http:\/\/www.csde.ro\/?p=2951"},"modified":"2015-12-17T17:18:24","modified_gmt":"2015-12-17T15:18:24","slug":"dreptul-uniunii-europene-si-tribunalele-constitutionale-ale-statelor-membre-interviuri-editor-dragos-calin-editura-universitara-2015","status":"publish","type":"post","link":"http:\/\/www.csde.ro\/?p=2951","title":{"rendered":"Dreptul Uniunii Europene si tribunalele constitu\u0163ionale ale statelor membre. Interviuri, Editor Dragos Calin, Editura Universitara, 2015"},"content":{"rendered":"<p><!--more--><\/p>\n<p><a href=\"http:\/\/www.editurauniversitara.ro\/carte\/carti_in_curs_de_aparitie\/dreptul_uniunii_europene_si_tribunalele_constitutionale_ale_statelor_membre_interviuri\/11241\" target=\"_blank\"><img loading=\"lazy\" decoding=\"async\" class=\"alignleft size-full wp-image-2952\" alt=\"Dreptul Uniunii Europene si tribunalele constitutionale ale statelor membre. Interviuri\" src=\"http:\/\/www.csde.ro\/wp-content\/uploads\/Dreptul-Uniunii-Europene-si-tribunalele-constitutionale-ale-statelor-membre.-Interviuri.jpg\" width=\"205\" height=\"300\" \/><\/a>Dreptul Uniunii Europene si tribunalele constitu\u0163ionale ale statelor membre. Interviuri,\u00a0<a href=\"http:\/\/www.editurauniversitara.ro\/carte\/carti_in_curs_de_aparitie\/dreptul_uniunii_europene_si_tribunalele_constitutionale_ale_statelor_membre_interviuri\/11241\" target=\"_blank\">Editor Dragos Calin, Editura Universitara, 2015<\/a><\/p>\n<p><strong>Interviuri realizate de Dragos Calin<\/strong><\/p>\n<p><strong>Traduceri efectuate de Mihai Banu, Amelia Paula Chirtes, Adnana Popescu si Dragos Calin<\/strong><\/p>\n<p>Au participat cu interviuri:\u00a0Anneli Albi, Leonard Besselink, Chahira Boutayeb, Gr\u00e1inne de B\u00farca, Laurence Burgorgue-Larsen, Ninon Colneric, Oliver D\u00f6rr, P\u00e9ter Kov\u00e1cs, Krist\u012bne Kr\u016bma, Gertrude L\u00fcbbe-Wolff, Bertrand Mathieu, Franz C. Mayer, Rostane Mehdi, Fran\u00e7ois-Xavier Millet, Francisco Pereira Coutinho, Janne Salminen, Andreas Vosskuhle, Joseph H.H. Weiler \u015fi Peter G. Xuereb<\/p>\n<p><img decoding=\"async\" title=\"Cite\u0219te mai mult...\" alt=\"\" src=\"data:image\/gif;base64,R0lGODlhAQABAIAAAAAAAP\/\/\/yH5BAEAAAAALAAAAAABAAEAAAIBRAA7\" data-wp-more=\"more\" data-wp-more-text=\"\" data-mce-resize=\"false\" data-mce-placeholder=\"1\" \/><\/p>\n<p>In prezent, una dintre cele mai interesante abordari, jurisprudentiala si doctrinara, antrenand activitatea tribunalelor constitutionale ale statelor membre al Uniunii Europene, vizeaza mecanismele de cooperare cu Curtea de Justitie a Uniunii Europene (in continuare \u201eCJUE\u201d), mai ales ca prin modificarile introduse de Tratatul de la Lisabona nu s-a creat un \u201esuprastat\u201d european, ori un federalism functional. Mai mult, aplicarea de CJUE a Cartei drepturilor fundamentale a Uniunii Europene, o garantie in plus de care beneficiaza cetatenii statelor membre ale Uniunii Europene, poate conduce la limitarea efectelor deciziilor tribunalelor constitutionale, tocmai prin efectele dreptului Uniunii Europene.<\/p>\n<p>Acest proiect, realizat in prima jumatate a anului 2015, cuprinde raspunsurile unor profesori si judecatori consacrati si poate ajuta cititorul la mai buna cunoastere a certitudinilor sau a necunoscutelor unui proces fara sfarsit de negociere judiciara, in care posibilele conflicte de jurisdictie se pot solutiona, cel putin in contextul actual, fie prin aplicarea dreptului Uniunii Europene, astfel cum este interpretat de CJUE, in pofida deciziilor tribunalelor constitutionale, fie printr-un dialog judiciar mult mai intens intre instantele constitutionale si CJUE, in care trimiterile preliminare vor juca un rol deosebit de important.<\/p>\n<p>Volumul reprezinta o provocare, atat pentru cei chestionati, cat si pentru publicul specializat, cu precadere practicieni si doctrinari, dar si pentru studenti, fiind si un serios izvor de inspiratie pentru solutii viitoare ale unor tribunale constitutionale, inclusiv pentru posibile trimiteri preliminare la Curtea de Justitie a Uniunii Europene, in contextul dezvoltarii unui dialog increzator intre jurisdictii, caracterizat prin schimb de argumente si interpretari.<\/p>\n<p>Adresez calde multumiri doamnelor si domnilor profesori si judecatori Anneli Albi, Leonard Besselink, Chahira Boutayeb, Gr\u00e1inne de B\u00farca, Laurence Burgorgue-Larsen, Ninon Colneric, Oliver D\u00f6rr, P\u00e9ter Kov\u00e1cs, Krist\u012bne Kr\u016bma, Gertrude L\u00fcbbe-Wolff, Bertrand Mathieu, Franz C. Mayer, Rostane Mehdi, Fran\u00e7ois-Xavier Millet, Francisco Pereira Coutinho, Janne Salminen, Andreas Vosskuhle, Joseph H.H. Weiler si Peter G. Xuereb, care au acceptat interviurile, domnului Rares Kerekes, al carui peisaj realizat la Sighisoara, Romania, in vara anului 2012, reprezinta coperta volumului, doamnei Irina Alexe si colegilor mei din cadrul ARDAE (Asociatia Romana de Drept si Afaceri Europene) Mihai Banu, Roxana Maria Calin, Amelia Paula Chirtes, Adnana Popescu si Mihai Sandru, care au oferit sugestii si s-au implicat foarte serios in traducerea si revizuirea textelor in limba romana, precum si domnului Vasile Muscalu si Editurii Universitare, care au facut posibila publicarea lucrarii si libera sa circulatie in format electronic.<\/p>\n<p><strong>Dragos Calin<\/strong><\/p>\n<p>&nbsp;<\/p>\n<p><a href=\"http:\/\/www.forumuljudecatorilor.ro\/index.php\/2015\/12\/dreptul-uniunii-europene-si-tribunalele-constitutionale-ale-statelor-membre-interviuri-editura-universitara-bucure%C8%99ti\/\" target=\"_blank\">Forumul Judecatorilor<\/a><\/p>\n","protected":false},"excerpt":{"rendered":"","protected":false},"author":1,"featured_media":0,"comment_status":"closed","ping_status":"closed","sticky":false,"template":"","format":"standard","meta":{"footnotes":""},"categories":[25,311,17,18],"tags":[],"class_list":["post-2951","post","type-post","status-publish","format-standard","hentry","category-alte-publicatii","category-ardae-asociatia-romana-de-drept-si-afaceri-europene","category-protocoale","category-publicatii"],"_links":{"self":[{"href":"http:\/\/www.csde.ro\/index.php?rest_route=\/wp\/v2\/posts\/2951"}],"collection":[{"href":"http:\/\/www.csde.ro\/index.php?rest_route=\/wp\/v2\/posts"}],"about":[{"href":"http:\/\/www.csde.ro\/index.php?rest_route=\/wp\/v2\/types\/post"}],"author":[{"embeddable":true,"href":"http:\/\/www.csde.ro\/index.php?rest_route=\/wp\/v2\/users\/1"}],"replies":[{"embeddable":true,"href":"http:\/\/www.csde.ro\/index.php?rest_route=%2Fwp%2Fv2%2Fcomments&post=2951"}],"version-history":[{"count":1,"href":"http:\/\/www.csde.ro\/index.php?rest_route=\/wp\/v2\/posts\/2951\/revisions"}],"predecessor-version":[{"id":2953,"href":"http:\/\/www.csde.ro\/index.php?rest_route=\/wp\/v2\/posts\/2951\/revisions\/2953"}],"wp:attachment":[{"href":"http:\/\/www.csde.ro\/index.php?rest_route=%2Fwp%2Fv2%2Fmedia&parent=2951"}],"wp:term":[{"taxonomy":"category","embeddable":true,"href":"http:\/\/www.csde.ro\/index.php?rest_route=%2Fwp%2Fv2%2Fcategories&post=2951"},{"taxonomy":"post_tag","embeddable":true,"href":"http:\/\/www.csde.ro\/index.php?rest_route=%2Fwp%2Fv2%2Ftags&post=2951"}],"curies":[{"name":"wp","href":"https:\/\/api.w.org\/{rel}","templated":true}]}}