{"id":2885,"date":"2014-12-09T14:23:58","date_gmt":"2014-12-09T12:23:58","guid":{"rendered":"http:\/\/www.csde.ro\/?p=2885"},"modified":"2015-09-09T14:29:42","modified_gmt":"2015-09-09T11:29:42","slug":"rrde-revista-romana-de-drept-european-nr-4-din-2014","status":"publish","type":"post","link":"http:\/\/www.csde.ro\/?p=2885","title":{"rendered":"RRDE &#8211; Revista romana de drept european, nr. 4 din 2014"},"content":{"rendered":"<p><!--more--><\/p>\n<p><a href=\"http:\/\/www.wolterskluwer.ro\/revista-romana-de-drept-european-2014\/wolters-kluwer\/revista-romana-de-drept-european-nr.-4-2014\/\" target=\"_blank\">RRDE &#8211; Revista romana de drept european, nr. 4 din 2014<\/a><\/p>\n<p>DOSAR &#8211; DREPTUL CONCUREN\u0162EI \u00ceN UNIUNEA EUROPEAN\u0102<br \/>\nThierry FOUQUET, Val\u00e9rie GIACOBBO-PEYRONNEL, Jorg SLADI\u010c, \u00c9ric VANHAM. Regulile de concuren\u0163\u0103 aplicabile \u00eentreprinderilor (1 ianuarie 2012-31 decembrie 2012)<br \/>\nThierry FOUQUET, Val\u00e9rie GIACOBBO-PEYRONNEL, Jorg SLADI\u010c, \u00c9ric VANHAM. Regulile de concuren\u0163\u0103 aplicabile \u00eentreprinderilor (1 ianuarie 2013-31 decembrie 2013)<\/p>\n<p>DOCTRIN\u0102<br \/>\nKoen LENAERTS. Reflec\u0163ii privind starea Uniunii Europene ca ordine juridic\u0103 \u00eentemeiat\u0103 pe drepturi<br \/>\nNorbert REICH. Principii generale \u015fi drepturi fundamentale \u00een dreptul civil european<br \/>\nPaul CRAIG. Pringle \u015fi utilizarea institu\u0163iilor UE \u00een afara cadrului dreptului UE: fundamente, procedur\u0103 \u015fi aspecte de fond<br \/>\nAnamaria TOMA-BIANOV. Hot\u0103r\u00e2rea Cur\u0163ii de Justi\u0163ie \u00een cauza Daiichi Sankyo \u015fi Sanofi Aventis \u2013 o reconsiderare a doctrinei acordurilor mixte ale Organiza\u0163iei Mondiale a Comer\u0163ului?<\/p>\n<p>JURISPRUDEN\u0162A INSTAN\u0162ELOR UNIUNII EUROPENE<br \/>\nCJ, Camera a treia, hot\u0103r\u00e2rea din 25 aprilie 2013, cauza C-212\/11, Jyske Bank Gibraltar, EU:C:2013:270<br \/>\nCJ, Camera a doua, hot\u0103r\u00e2rea din 8 mai 2013, cauza C-529\/11, Alarape \u015fi Tijani, EU:C:2013:290<br \/>\nCJ, Camera a doua, hot\u0103r\u00e2rea din 8 mai 2013, cauza C-87\/12, Ymeraga \u015fi al\u0163ii, EU:C:2013:291<br \/>\nCJ, Marea Camer\u0103, hot\u0103r\u00e2rea din 28 mai 2013, cauza C-239\/12 P, Abdulrahim\/Consiliul UE \u015fi Comisia European\u0103, EU:C:2013:331<br \/>\nCJ, Marea Camer\u0103, hot\u0103r\u00e2rea din 4 iunie 2013, cauza C-300\/11, ZZ\/Secretary of State for the Home Department, EU:C:2013:363<br \/>\nCJ, Camera \u00eent\u00e2i, hot\u0103r\u00e2rea din 6 iunie 2013, cauza C-536\/11, Donau Chemie \u015fi al\u0163ii, EU:C:2013:366<br \/>\nCJ, Camera a patra, hot\u0103r\u00e2rea din 6 iunie 2013, cauza C-648\/11, MA \u015fi al\u0163ii, EU:C:2013:367<br \/>\nCJ, camera a opta, ordonan\u0163a din 6 iunie 2013, cauza C-14\/13, Cholakova, EU:C:2013:374<br \/>\nCJ, Marea Camer\u0103, hot\u0103r\u00e2rea din 18 iunie 2013, cauza C-681\/11, Schenker \u015fi al\u0163ii, EU:C:2013:404<br \/>\nCJ, Camera a cincea, hot\u0103r\u00e2rea din 20 iunie 2013, cauza C-20\/12, Giersch \u015fi al\u0163ii, EU:C:2013:411<br \/>\nCJ, Camera a treia, hot\u0103r\u00e2rea din 27 iunie 2013, cauza C-492\/11, Di Donna, EU:C:2013:428<br \/>\nCJ, Camera \u00eent\u00e2i, hot\u0103r\u00e2rea din 11 iulie 2013, cauza C-57\/12, Femarbel, EU:C:2013:517<br \/>\nCJ, Camera a treia, hot\u0103r\u00e2rea din 18 iulie 2013, cauzele conexate C-523\/11 \u015fi C-585\/11, Prinz \u015fi Seeberger, EU:C:2013:524<br \/>\nCJ, Camera a patra, hot\u0103r\u00e2rea din 18 iulie 2013, cauza C-136\/12, Consiglio nazionale dei geologi, EU:C:2013:489<\/p>\n<p>AGORA<br \/>\nAcad. Ionel Haiduc \u015fi dreptul european (Mihai \u015eandru)<br \/>\nCode de l\u2019Union europ\u00e9enne, 2014, 1\u00e8re \u00e9dition \u00e0 jour au 1er janvier 2014 coordonn\u00e9 par M. Koen LENAERTS et M. Antonio TIZZANO<br \/>\nConferin\u0163a na\u0163ional\u0103 a Societ\u0103\u0163ii Rom\u00e2ne de Drept European (SRDE) cu tema Administrarea justi\u0163iei \u00een spa\u0163iul Uniunii Europene, \u00een contextul \u201eDialogurilor de drept european \u00eentre norme, jurispruden\u0163\u0103, doctrin\u0103 \u015fi practic\u0103 relevant\u0103\u201d, Bucure\u015fti, 30 octombrie 2014<br \/>\nLansarea volumelor I-III privind trimiterile preliminare ale instan\u0163elor din Rom\u00e2nia la CJUE (2007-2013)<br \/>\nMarco B. M. Loos (ed.), Ilse Samoy (ed.), The Position of Small and Medium-Sized Enterprises in European Contract Law, Ius Commune: European and Comparative Law Series, vol. 121, Intersentia, 2014<\/p>\n<p>Redactor Sef: Prof. univ. dr.\u00a0<a href=\"http:\/\/www.mihaisandru.ro\/\" target=\"_blank\">Mihai Sandru<\/a><\/p>\n","protected":false},"excerpt":{"rendered":"","protected":false},"author":1,"featured_media":0,"comment_status":"closed","ping_status":"closed","sticky":false,"template":"","format":"standard","meta":{"footnotes":""},"categories":[18,20],"tags":[],"class_list":["post-2885","post","type-post","status-publish","format-standard","hentry","category-publicatii","category-revista-romana-de-drept-european-publicatii"],"_links":{"self":[{"href":"http:\/\/www.csde.ro\/index.php?rest_route=\/wp\/v2\/posts\/2885"}],"collection":[{"href":"http:\/\/www.csde.ro\/index.php?rest_route=\/wp\/v2\/posts"}],"about":[{"href":"http:\/\/www.csde.ro\/index.php?rest_route=\/wp\/v2\/types\/post"}],"author":[{"embeddable":true,"href":"http:\/\/www.csde.ro\/index.php?rest_route=\/wp\/v2\/users\/1"}],"replies":[{"embeddable":true,"href":"http:\/\/www.csde.ro\/index.php?rest_route=%2Fwp%2Fv2%2Fcomments&post=2885"}],"version-history":[{"count":1,"href":"http:\/\/www.csde.ro\/index.php?rest_route=\/wp\/v2\/posts\/2885\/revisions"}],"predecessor-version":[{"id":2886,"href":"http:\/\/www.csde.ro\/index.php?rest_route=\/wp\/v2\/posts\/2885\/revisions\/2886"}],"wp:attachment":[{"href":"http:\/\/www.csde.ro\/index.php?rest_route=%2Fwp%2Fv2%2Fmedia&parent=2885"}],"wp:term":[{"taxonomy":"category","embeddable":true,"href":"http:\/\/www.csde.ro\/index.php?rest_route=%2Fwp%2Fv2%2Fcategories&post=2885"},{"taxonomy":"post_tag","embeddable":true,"href":"http:\/\/www.csde.ro\/index.php?rest_route=%2Fwp%2Fv2%2Ftags&post=2885"}],"curies":[{"name":"wp","href":"https:\/\/api.w.org\/{rel}","templated":true}]}}