{"id":2881,"date":"2014-09-09T14:18:36","date_gmt":"2014-09-09T11:18:36","guid":{"rendered":"http:\/\/www.csde.ro\/?p=2881"},"modified":"2015-09-09T14:23:31","modified_gmt":"2015-09-09T11:23:31","slug":"rrde-revista-romana-de-drept-european-nr-3-din-2014","status":"publish","type":"post","link":"http:\/\/www.csde.ro\/?p=2881","title":{"rendered":"RRDE &#8211; Revista romana de drept european, nr. 3 din 2014"},"content":{"rendered":"<p><!--more--><\/p>\n<p><a href=\"http:\/\/www.wolterskluwer.ro\/revista-romana-de-drept-european-2014\/wolters-kluwer\/revista-romana-de-drept-european-nr.-3-2014\/\" target=\"_blank\">RRDE &#8211; Revista romana de drept european, nr. 3 din 2014<\/a><\/p>\n<p>DREPTUL CONCUREN\u0162EI \u00ceN UNIUNEA EUROPEAN\u0102<br \/>\nCristina BUTACU. Ac\u0163iunile \u00een desp\u0103gubire \u00eentemeiate pe \u00eenc\u0103lcarea dispozi\u0163iilor dreptului concuren\u0163ei al UE \u015fi statelor membre<\/p>\n<p>DREPTUL UNIUNII EUROPENE \u015eI DREPTUL COMPARAT<br \/>\nDrago\u015f Alin C\u0102LIN. Monism, dualism sau pluralism juridic? Receptarea dreptului Uniunii Europene \u00een ordinea juridic\u0103 a statelor membre<\/p>\n<p>DREPTURILE OMULUI \u00ceN UNIUNEA EUROPEAN\u0102<br \/>\nGiulia F. JAEGER. Aderarea preconizat\u0103 a Uniunii Europene la Conven\u021bia pentru ap\u0103rarea drepturilor omului \u0219i a libert\u0103\u021bilor fundamentale: Unele aspecte ale istoriei sale, ale tehnicii \u0219i ale provoc\u0103rilor sale<\/p>\n<p>DREPTUL UNIUNII EUROPENE \u015eI INSTAN\u0162ELE JUDEC\u0102TORE\u015eTI ROM\u00c2NE<br \/>\nRaluca BERCEA. Scurt comentariu la o decizie a Consiliului Na\u0163ional de Solu\u0163ionare a Contesta\u0163iilor (sau Despre exces ca tr\u0103s\u0103tur\u0103 a culturii juridice na\u0163ionale)<br \/>\nMihai BANU, Drago\u015f C\u0102LIN, Mihai \u015eANDRU. Concedieri colective \u00een cazul insolven\u0163ei societ\u0103\u0163ii comerciale \u015fi efectul direct orizontal al unei directive. Dou\u0103 hot\u0103r\u00e2ri ale instan\u0163elor rom\u00e2ne \u00een context european<\/p>\n<p>COOPERAREA JUDICIAR\u0102 \u00ceN MATERIE CIVIL\u0102<br \/>\nFlavius-Alexandru BOAR. Regulamentul \u201eBruxelles I bis\u201d<\/p>\n<p>NOI TENDIN\u0162E \u00ceN EVOLU\u0162IA PIE\u0162EI INTERNE A UNIUNII EUROPENE<br \/>\nMonica WALOSZYK. Posibilit\u0103\u021bile \u0219i limitele de integrare a pie\u021bei de gaze a UE \u00een cadrul de-al treilea pachet energetic<\/p>\n<p>AGORA<br \/>\nContentieux de l\u2019Union europ\u00e9enne. Questions choisies<\/p>\n<p>Redactor Sef: Prof. univ. dr.\u00a0<a href=\"http:\/\/www.mihaisandru.ro\/\" target=\"_blank\">Mihai Sandru<\/a><\/p>\n","protected":false},"excerpt":{"rendered":"","protected":false},"author":1,"featured_media":0,"comment_status":"closed","ping_status":"closed","sticky":false,"template":"","format":"standard","meta":{"footnotes":""},"categories":[18,20],"tags":[],"class_list":["post-2881","post","type-post","status-publish","format-standard","hentry","category-publicatii","category-revista-romana-de-drept-european-publicatii"],"_links":{"self":[{"href":"http:\/\/www.csde.ro\/index.php?rest_route=\/wp\/v2\/posts\/2881"}],"collection":[{"href":"http:\/\/www.csde.ro\/index.php?rest_route=\/wp\/v2\/posts"}],"about":[{"href":"http:\/\/www.csde.ro\/index.php?rest_route=\/wp\/v2\/types\/post"}],"author":[{"embeddable":true,"href":"http:\/\/www.csde.ro\/index.php?rest_route=\/wp\/v2\/users\/1"}],"replies":[{"embeddable":true,"href":"http:\/\/www.csde.ro\/index.php?rest_route=%2Fwp%2Fv2%2Fcomments&post=2881"}],"version-history":[{"count":1,"href":"http:\/\/www.csde.ro\/index.php?rest_route=\/wp\/v2\/posts\/2881\/revisions"}],"predecessor-version":[{"id":2884,"href":"http:\/\/www.csde.ro\/index.php?rest_route=\/wp\/v2\/posts\/2881\/revisions\/2884"}],"wp:attachment":[{"href":"http:\/\/www.csde.ro\/index.php?rest_route=%2Fwp%2Fv2%2Fmedia&parent=2881"}],"wp:term":[{"taxonomy":"category","embeddable":true,"href":"http:\/\/www.csde.ro\/index.php?rest_route=%2Fwp%2Fv2%2Fcategories&post=2881"},{"taxonomy":"post_tag","embeddable":true,"href":"http:\/\/www.csde.ro\/index.php?rest_route=%2Fwp%2Fv2%2Ftags&post=2881"}],"curies":[{"name":"wp","href":"https:\/\/api.w.org\/{rel}","templated":true}]}}