{"id":2830,"date":"2015-06-17T06:48:48","date_gmt":"2015-06-17T03:48:48","guid":{"rendered":"http:\/\/www.csde.ro\/?p=2830"},"modified":"2015-06-24T06:49:32","modified_gmt":"2015-06-24T03:49:32","slug":"conferinta-stiintifica-nationala-aspecte-actuale-privind-regimul-juridic-al-proprietatii-publice-in-romania-din-perspectiva-codificarii-dreptului-administrativ-24-iunie-2015","status":"publish","type":"post","link":"http:\/\/www.csde.ro\/?p=2830","title":{"rendered":"Conferinta stiin\u0163ific\u0103 na\u0163ional\u0103 Aspecte actuale privind regimul juridic al propriet\u0103\u0163ii publice \u00een Rom\u00e2nia din perspectiva codificarii dreptului administrativ, 24 iunie 2015"},"content":{"rendered":"<p><!--more--><\/p>\n<p style=\"text-align: center;\">Institutul de Cercet\u0103ri Juridice \u201eAcad. Andrei R\u0103dulescu\u201d al Academiei Rom\u00e2ne<\/p>\n<p style=\"text-align: center;\">Institutul de \u015etiin\u0163e Administrative \u201ePaul Negulescu\u201d<\/p>\n<p style=\"text-align: center;\">Ministerul Dezvolt\u0103rii Regionale \u015fi Administra\u0163iei Publice<\/p>\n<p style=\"text-align: center;\"><strong>I N V I T A \u0162 I E<\/strong><\/p>\n<p style=\"text-align: center;\">Conferinta stiin\u0163ific\u0103 na\u0163ional\u0103<\/p>\n<p style=\"text-align: center;\"><strong>Aspecte actuale privind regimul juridic al propriet\u0103\u0163ii publice \u00een Rom\u00e2nia din perspectiva codificarii dreptului administrativ<\/strong><\/p>\n<p style=\"text-align: center;\"><strong>\u00a0<\/strong><\/p>\n<p><strong>Amfiteatrul \u201eIon Heliade R\u0103dulescu\u201d, Biblioteca Academiei Rom\u00e2ne<\/strong><\/p>\n<p>24 iunie 2015, ora 10<\/p>\n<p><strong>AGENDA<\/strong><\/p>\n<p><strong>\u00a0<\/strong><\/p>\n<p><strong>Prof. univ.dr.\u00a0Mircea Du\u0163u<\/strong>,\u00a0<em>Cuv\u00e2nt introductiv: Noua doctrin\u0103 administrativist\u0103 \u015fi codificarea dreptului administrativ rom\u00e2n<\/em><\/p>\n<p><strong>Secretar de Stat Sirma Caraman<\/strong>,\u00a0<em>Preocup\u0103ri ale Ministerului Dezvoltarii Regionale \u015fi Administratiei Publice privind reglementarea propriet\u0103\u0163ii publice \u015fi a domeniului public \u00een viitorul Cod Administrativ al Rom\u00e2niei<\/em><\/p>\n<p><strong>Prof. univ.dr.\u00a0Marilena Uliescu<\/strong>,\u00a0<em>Func\u0163iile propriet\u0103\u0163ii publice \u00een contextul Codului civil (\u00een vigoare) \u015fi \u00een perspectiva viitorului Cod administrativ<\/em><\/p>\n<p><strong>Prof. univ.dr.\u00a0Dana Tofan<\/strong>,\u00a0<em>Regimul propriet\u0103\u0163ii publice: obiect al Codului civil sau al Codului administrativ?<\/em><\/p>\n<p><strong>Prof. univ.dr.\u00a0Verginia Vedina\u015f<\/strong>,\u00a0<em>Nereguli privitoare la domeniul public al statului \u015fi unit\u0103\u0163ilor administrativ teritoriale desprinse din activitatea Cur\u0163ii de Conturi a Rom\u00e2niei<\/em><\/p>\n<p><strong>Prof. univ.dr.\u00a0Nicolae Popa<\/strong>,\u00a0<em>Argumente privind apartenen\u0163a domeniului public \u015fi a propriet\u0103\u0163ii publice la ramura dreptului administrativ<\/em><\/p>\n<p><strong>Prof. univ. dr. Ioan Alexandru<\/strong>,\u00a0<em>Tradi\u0163ie \u015fi modern \u00een construc\u0163ia ordinii juridice na\u0163ionale<\/em><\/p>\n<p><strong>Lector univ. dr. Alexandru Ciobanu<\/strong>,\u00a0<em>Unele observa\u2019ii privind regimul concesiunilor<\/em><\/p>\n<p><strong>Prof. univ. dr. Daniel-Mihail \u015eandru<\/strong>,\u00a0<em>Impactul art. 345\u00a0TFUE asupra regimului juridic al propriet\u0103\u0163ii publice \u00een Rom\u00e2nia<\/em><\/p>\n<p><strong>Interven\u0163ii:<\/strong><\/p>\n<p>prof. univ. dr. Emil B\u0103lan<\/p>\n<p>jud. Marius Mazilu<\/p>\n<p>drd. Aurora Damcali<\/p>\n<p><strong>Moderatori:<\/strong><\/p>\n<p>Prof. univ.dr. Verginia Vedinas<\/p>\n<p>Prof. univ. dr. Daniel-Mihail \u015eandru<\/p>\n<p><a href=\"http:\/\/evenimente.juridice.ro\/2015\/06\/aspecte-actuale-privind-regimul-juridic-al-proprietatii-publice-in-romania-din-perspectiva-codificarii-dreptului-administrativ-24-iunie-2015-bucuresti.html\" target=\"_blank\">evenimente.JURIDICE.ro<\/a><\/p>\n<p>Organizatorii v\u0103 mul\u0163umesc pentru retransmiterea acestei invita\u0163ii c\u0103tre toate persoanele interesate. Nu se percepe tax\u0103 de participare. Locurile sunt limitate, \u00eenscrierea participan\u0163ilor realiz\u00e2ndu-se \u00een ordinea cronologic\u0103 a confirmarilor, prin e-mail \u2013 mihai.sandru@gmail.com<\/p>\n","protected":false},"excerpt":{"rendered":"","protected":false},"author":1,"featured_media":0,"comment_status":"closed","ping_status":"closed","sticky":false,"template":"","format":"standard","meta":{"footnotes":""},"categories":[10],"tags":[],"class_list":["post-2830","post","type-post","status-publish","format-standard","hentry","category-evenimente"],"_links":{"self":[{"href":"http:\/\/www.csde.ro\/index.php?rest_route=\/wp\/v2\/posts\/2830"}],"collection":[{"href":"http:\/\/www.csde.ro\/index.php?rest_route=\/wp\/v2\/posts"}],"about":[{"href":"http:\/\/www.csde.ro\/index.php?rest_route=\/wp\/v2\/types\/post"}],"author":[{"embeddable":true,"href":"http:\/\/www.csde.ro\/index.php?rest_route=\/wp\/v2\/users\/1"}],"replies":[{"embeddable":true,"href":"http:\/\/www.csde.ro\/index.php?rest_route=%2Fwp%2Fv2%2Fcomments&post=2830"}],"version-history":[{"count":1,"href":"http:\/\/www.csde.ro\/index.php?rest_route=\/wp\/v2\/posts\/2830\/revisions"}],"predecessor-version":[{"id":2831,"href":"http:\/\/www.csde.ro\/index.php?rest_route=\/wp\/v2\/posts\/2830\/revisions\/2831"}],"wp:attachment":[{"href":"http:\/\/www.csde.ro\/index.php?rest_route=%2Fwp%2Fv2%2Fmedia&parent=2830"}],"wp:term":[{"taxonomy":"category","embeddable":true,"href":"http:\/\/www.csde.ro\/index.php?rest_route=%2Fwp%2Fv2%2Fcategories&post=2830"},{"taxonomy":"post_tag","embeddable":true,"href":"http:\/\/www.csde.ro\/index.php?rest_route=%2Fwp%2Fv2%2Ftags&post=2830"}],"curies":[{"name":"wp","href":"https:\/\/api.w.org\/{rel}","templated":true}]}}