{"id":2610,"date":"2010-09-30T04:59:38","date_gmt":"2010-09-30T01:59:38","guid":{"rendered":"http:\/\/www.csde.ro\/?p=2610"},"modified":"2014-09-30T05:00:28","modified_gmt":"2014-09-30T02:00:28","slug":"conferinta-internationala-identificarea-autoritatilor-responsabile-pentru-condamnarile-suferite-de-moldova-si-romania-la-cedo-raspunderea-magistratilor","status":"publish","type":"post","link":"http:\/\/www.csde.ro\/?p=2610","title":{"rendered":"Conferin\u0163a interna\u0163ional\u0103  IDENTIFICAREA AUTORITATILOR RESPONSABILE PENTRU CONDAMN\u0102RILE SUFERITE DE MOLDOVA \u015eI ROM\u00c2NIA LA CEDO. R\u0102SPUNDEREA MAGISTRA\u0162ILOR"},"content":{"rendered":"<p><!--more--><\/p>\n<p>Institutul pentru Drepturile Omului din Moldova (IDOM), Asocia\u0163ia Ob\u015fteasc\u0103 &#8222;Juri\u015ftii pentru Drepturile Omului&#8221;, Centrul de Studii de Drept European (CSDE) al Institutului de Cercet\u0103ri Juridice din cadrul Academiei Rom\u00e2ne, Asocia\u0163ia Forumul Judec\u0103torilor din Rom\u00e2nia, Revista Forumul Judec\u0103torilor \u015fi Editura Universitar\u0103 organizeaz\u0103 la 22-23 octombrie 2010, la Chi\u015fin\u0103u, Republica Moldova,<\/p>\n<p>&nbsp;<\/p>\n<p align=\"center\"><b>\u00a0<\/b><\/p>\n<p align=\"center\"><b>Conferin\u0163a interna\u0163ional\u0103<\/b><\/p>\n<p align=\"center\">\u00ab<b> <\/b><b><i>IDENTIFICAREA AUTORITATILOR RESPONSABILE PENTRU CONDAMN\u0102RILE SUFERITE DE MOLDOVA \u015eI ROM\u00c2NIA LA CEDO. R\u0102SPUNDEREA MAGISTRA\u0162ILOR <\/i><\/b>\u00bb<\/p>\n<p align=\"center\"><b>\u00a0<\/b><\/p>\n<p>&nbsp;<\/p>\n<p>Dezbaterea \u00ee\u015fi propune realizarea unui schimb de opinii at\u00e2t din perspectiva teoreticienilor, c\u00e2t \u015fi practicienilor (judec\u0103tori, procurori \u015fi avoca\u0163i), pornind de la aspecte cheie eviden\u0163iate \u00een jurispruden\u0163a Cur\u0163ii Europene a Drepturilor Omului.<\/p>\n<p>\u00cen urma numeroaselor condamn\u0103ri ale Rom\u00e2niei \u015fi Republicii Moldova, \u00een opinia public\u0103 s-a transmis cu o siguran\u0163\u0103 specific\u0103, de c\u0103tre oamenii politici, pres\u0103 ori de c\u0103tre reprezentan\u0163i ai autorit\u0103\u0163ilor publice, ideea c\u0103 judec\u0103torii poart\u0103 vina exclusiv\u0103 a acestor condamn\u0103ri, desigur, \u00een planul cauzalit\u0103\u0163ii fiind ultima verig\u0103 \u00eenainte de trimiterea unei cauze pe rolul Cur\u0163ii Europene a Drepturilor Omului.<\/p>\n<p>\u00cen februarie 2010, Curtea European\u0103 a Drepturilor Omului a luat \u00een discu\u0163ie aplicarea procedurii pilot \u00een dou\u0103 cauze, cu privire la imobilele na\u0163ionalizate confiscate \u00een mod abuziv de regimul comunist din Rom\u00e2nia \u00een perioada 6 martie 1945 &#8211; 22 decembrie 1989. Hot\u0103r\u00e2rile pilot adoptate de Curtea European\u0103 a Drepturilor Omului, care relev\u0103 o tendin\u0163\u0103 de constitiu\u0163ionalizare a activit\u0103\u0163ii Cur\u0163ii, au menirea de a identifica acele probleme juridice controversate cu care se confrunt\u0103 \u00een mod constant un num\u0103r mare de justi\u0163iabili care se adreseaz\u0103 Cur\u0163ii de la Strasbourg.<\/p>\n<p>\u00cen aceast\u0103 procedur\u0103, Curtea se pronun\u0163\u0103 asupra unei situa\u0163ii care a generat un val de cereri \u015fi care relev\u0103 o problem\u0103 structural\u0103 a sistemului de drept, indic\u00e2nd m\u0103surile generale ce trebuie luate pentru a elimina inadverten\u0163ele sistemice \u015fi structurale care determin\u0103 num\u0103rul foarte mare de cereri.<\/p>\n<p>Odat\u0103 cu declan\u015farea procedurii, toate cauzele aflate pe rolul Cur\u0163ii Europene a Drepturilor Omului, av\u00e2nd acest obiect, au fost suspendate p\u00e2n\u0103 c\u00e2nd autorit\u0103\u0163ile statului rom\u00e2n vor adopta m\u0103surile legislative, administrative \u015fi bugetare care vor fi impuse.<\/p>\n<p>\u00cen cauza <b><i>Maria Atanasiu \u015fi al\u0163ii<\/i><\/b>, a c\u0103rei solu\u0163ie s-a pronun\u0163at la data de <b>12 octombrie 2010<\/b>, Curtea \u00a0a invocat cele peste 1.000 de cauze av\u00e2nd ca obiect restituirea imobilelor na\u0163ionalizate de statul rom\u00e2n \u015fi cauzele \u00een care Rom\u00e2nia este frecvent condamnat\u0103 pentru diversele \u00eenc\u0103lc\u0103ri ale Primului Protocolul adi\u0163ional la Conven\u0163ia european\u0103 pentru ap\u0103rarea drepturilor omului \u015fi a libert\u0103\u0163ilor fundamentale.<\/p>\n<p>Curtea a atras aten\u0163ia c\u0103, \u00een ciuda zecilor de hot\u0103r\u00e2ri prin care s-a pronun\u0163at asupra ineficien\u0163ei mecanismului de acordare a compensa\u0163iilor pentru imobilele na\u0163ionalizate de statul rom\u00e2n, nu s-au realizat progrese semnificative \u00een privin\u0163a reform\u0103rii \u015fi consolid\u0103rii cadrului legislativ \u00een materie.<\/p>\n<p><b>Care sunt remediile pentru disfunc\u0163ionalit\u0103\u0163ile sistemice \u015fi care ar putea fi autoritatea responsabil\u0103 pentru acest val de hot\u0103r\u00e2ri?<\/b><\/p>\n<p>Conferin\u0163a va fi onorata de prezen\u0163a doamnei <b>Olga Kudeshkina, <\/b>ex-judec\u0103tor, Moscova, Federa\u0163ia Rus\u0103, care va sus\u0163ine o alocu\u0163iune privind libertatea de exprimare a magistra\u0163ilor, dar \u015fi a domnului <b>Dieter Schlafen<\/b>, judec\u0103tor, Republica Federal\u0103 Germania, care va prezenta remarci de drept comparat \u00een domeniul r\u0103spunderii magistra\u0163ilor \u00een dreptul german \u015fi \u00een Rom\u00e2nia, r\u0103spunderea magistra\u0163ilor \u00een cazuri de \u00eenc\u0103lcare a dreptului comunitar, reglement\u0103ri din proiectul de lege elaborat de Ministerul Justi\u0163iei \u015fi de Consiliul Superior al Magistraturii privind r\u0103spunderea magistra\u0163ilor.<b><i> <\/i><\/b><\/p>\n<p>Cu acest prilej, va fi lansat\u0103 lucrarea \u201e<b>Hot\u0103r\u00e2rile Cur\u0163ii Europene a Drepturilor Omului\u00a0 \u00een cauzele \u00eempotriva Rom\u00e2niei din perioada <\/b><b>1994-2009<\/b><b>. Analiz\u0103, consecin\u0163e, autorit\u0103\u0163i poten\u0163ial responsabile<\/b>\u201d, \u00een care autorii <b>Drago\u015f C\u0103lin<\/b>, judec\u0103tor &#8211; Curtea de Apel Bucure\u015fti, <b>Bianca \u0162\u0103nd\u0103rescu<\/b>, judec\u0103tor &#8211; Curtea de Apel Bucure\u015fti, <b>Mihaela Vasiescu,<\/b> judec\u0103tor &#8211; Curtea de Apel T\u00eergu Mure\u015f, <b>Paula-Andrada Co\u0163ovanu<\/b>, judec\u0103tor &#8211; Curtea de Apel Pite\u015fti, <b>Beatrice Rama\u015fcanu<\/b>, judec\u0103tor &#8211; Tribunalul Bucure\u015fti, <b>Ionu\u0163 Militaru<\/b>, judec\u0103tor &#8211; Judec\u0103toria Sectorului 6 Bucure\u015fti, <b>Serena Militaru<\/b>, judec\u0103tor &#8211; Judec\u0103toria Sectorului 2 Bucure\u015fti, <b>Roxana L\u0103c\u0103tu\u015fu<\/b>, judec\u0103tor &#8211; Judec\u0103toria Sectorului 4 Bucure\u015fti, <b>Lucia Zaharia<\/b>, judec\u0103tor &#8211; Judec\u0103toria Sectorului 5 Bucure\u015fti, <b>Lavinia C\u00eerciumaru<\/b>, judec\u0103tor &#8211; Judec\u0103toria Constan\u0163a \u015fi <b>Alexandra L\u0103ncr\u0103njan<\/b>, procuror &#8211; Parchetul de pe l\u00e2ng\u0103 Judec\u0103toria Sectorului 2 Bucure\u015fti au urm\u0103rit s\u0103 rezume fiecare cauz\u0103 \u00een care Rom\u00e2nia a fost condamnat\u0103 de Curtea European\u0103 a Drepturilor Omului, s\u0103 g\u0103seasc\u0103 autorit\u0103\u0163ile poten\u0163ial responsabile, necru\u0163\u00e2nd \u00een vreun fel puterea judec\u0103toreasc\u0103, \u015fi s\u0103 observe \u00een ce m\u0103sur\u0103 acestea s-au conformat \u015fi au reac\u0163ionat concret, dup\u0103 pronun\u0163area hot\u0103r\u00e2rilor.<\/p>\n<p>Rezumarea hot\u0103r\u00e2rilor \u015fi extragerea argumentelor relevante din motivarea Cur\u0163ii, cu riscul asumat de a afecta &#8211; c\u00e2tu\u015fi de pu\u0163in &#8211; acurate\u0163ea textului original, constituie totu\u015fi un avantaj deoarece culegerea permite parcurgerea \u00een timp scurt a \u00eentregii jurispruden\u0163e CEDO \u015fi devine un instrument util \u00een biblioteca oric\u0103rui teoretician sau practician al dreptului, deziderat c\u0103ruia \u00eei serve\u015fte \u015fi modul \u00een care a fost conceput\u0103 indexarea dup\u0103 cuvinte cheie, cu trimitere la toate cauzele relevante din perioada 1994-2009.<\/p>\n<p>Nu \u00een ultimul r\u00e2nd, motivele expuse \u00een analiza fiec\u0103rei spe\u0163e privind <i>autorit\u0103\u0163ile poten\u0163ial responsabile<\/i>, de\u015fi eman\u0103 de la autorii culegerii, dar pe baza aprecierilor Cur\u0163ii europene, constituie un punct de reper pentru activitatea celor obliga\u0163i, \u00een virtutea func\u0163iei sau profesiei, s\u0103 respecte sau s\u0103 garanteze exerci\u0163iul drepturilor \u015fi libert\u0103\u0163ilor fundamentale ale omului. De aceea, nu a fost omis\u0103 nici evolu\u0163ia dreptului intern, pozitiv\u0103 sau negativ\u0103, autorii indic\u00e2nd \u2013 acolo unde au fost identificate \u2013 <i>consecin\u0163ele hot\u0103r\u00e2rii<\/i>, care ar trebui s\u0103 foloseasc\u0103 celor interesa\u0163i pentru a descoperi remediile interne actuale.<\/p>\n<p>Scopul acestui studiu \u015fi metodologia aleas\u0103 au plecat tocmai de la o analiz\u0103 foarte atent\u0103 a situa\u0163iei de fapt, a motiv\u0103rii fiec\u0103rei hot\u0103r\u00e2ri pronun\u0163ate de Curtea European\u0103 a Drepturilor Omului pe fond, pentru a identifica mecanismul care a condus \u00een final la \u00eenc\u0103lcarea dreptului fundamental respectiv.<\/p>\n<p><b><i>\u00a0<\/i><\/b><\/p>\n<p><b><i>Acest eveniment are loc cu sportul Programului Na\u0163iunilor Unite pentru Dezvoltare (PNUD Moldova) \u015fi Funda\u0163ia German\u0103 pentru Cooperare Juridic\u0103 Interna\u0163ional\u0103 (Funda\u0163ia IRZ).<\/i><\/b><b><i><\/i><\/b><\/p>\n","protected":false},"excerpt":{"rendered":"","protected":false},"author":1,"featured_media":0,"comment_status":"closed","ping_status":"closed","sticky":false,"template":"","format":"standard","meta":{"footnotes":""},"categories":[10],"tags":[],"class_list":["post-2610","post","type-post","status-publish","format-standard","hentry","category-evenimente"],"_links":{"self":[{"href":"http:\/\/www.csde.ro\/index.php?rest_route=\/wp\/v2\/posts\/2610"}],"collection":[{"href":"http:\/\/www.csde.ro\/index.php?rest_route=\/wp\/v2\/posts"}],"about":[{"href":"http:\/\/www.csde.ro\/index.php?rest_route=\/wp\/v2\/types\/post"}],"author":[{"embeddable":true,"href":"http:\/\/www.csde.ro\/index.php?rest_route=\/wp\/v2\/users\/1"}],"replies":[{"embeddable":true,"href":"http:\/\/www.csde.ro\/index.php?rest_route=%2Fwp%2Fv2%2Fcomments&post=2610"}],"version-history":[{"count":1,"href":"http:\/\/www.csde.ro\/index.php?rest_route=\/wp\/v2\/posts\/2610\/revisions"}],"predecessor-version":[{"id":2611,"href":"http:\/\/www.csde.ro\/index.php?rest_route=\/wp\/v2\/posts\/2610\/revisions\/2611"}],"wp:attachment":[{"href":"http:\/\/www.csde.ro\/index.php?rest_route=%2Fwp%2Fv2%2Fmedia&parent=2610"}],"wp:term":[{"taxonomy":"category","embeddable":true,"href":"http:\/\/www.csde.ro\/index.php?rest_route=%2Fwp%2Fv2%2Fcategories&post=2610"},{"taxonomy":"post_tag","embeddable":true,"href":"http:\/\/www.csde.ro\/index.php?rest_route=%2Fwp%2Fv2%2Ftags&post=2610"}],"curies":[{"name":"wp","href":"https:\/\/api.w.org\/{rel}","templated":true}]}}