{"id":2595,"date":"2009-08-30T03:13:29","date_gmt":"2009-08-30T00:13:29","guid":{"rendered":"http:\/\/www.csde.ro\/?p=2595"},"modified":"2014-09-30T03:58:15","modified_gmt":"2014-09-30T00:58:15","slug":"csde-legea-aplicabila-obligatiilor-contractuale-conform-regulamentului-ce-nr-5932008-din-17-iunie-2008-roma-i-30-10-2009","status":"publish","type":"post","link":"http:\/\/www.csde.ro\/?p=2595","title":{"rendered":"CSDE: \u00abLegea aplicabil\u0103 obliga\u0163iilor contractuale conform Regulamentului (CE) nr. 593\/2008 din 17 iunie 2008 (ROMA I)\u00bb (30.10.2009)"},"content":{"rendered":"<p><!--more--><\/p>\n<p>Centrul de Studii de Drept European (CSDE) al Institutului de Cercet\u0103ri Juridice din cadrul Academiei Rom\u00e2ne organizeaz\u0103 la data de la data de 30 octombrie 2009, ora 12,30<br \/>\nla\u00a0<a href=\"http:\/\/www.rau.ro\/modules.php?name=Content&amp;pa=showpage&amp;pid=7\" target=\"_blank\">Universitatea Romano-Americana, Bld. Expozitiei, nr. 1B<\/a>, Amfiteatrul Jean Monnet<\/p>\n<p>Conferin\u0163a<\/p>\n<p><strong>\u00abLegea aplicabil\u0103 obliga\u0163iilor contractuale conform\u00a0<a href=\"http:\/\/eur-lex.europa.eu\/LexUriServ\/LexUriServ.do?uri=OJ:L:2008:177:0006:0016:RO:PDF\" target=\"_blank\">Regulamentului (CE) nr. 593\/2008 al Parlamentului European \u015fi al Consiliului din 17 iunie 2008 (Regulamentul ROMA I<\/a>)\u00bb<\/strong><\/p>\n<p>Program. UPDATING\u2026<\/p>\n<p>Moderator:\u00a0<strong>Nicolae Turcu<\/strong>, Pre\u015fedintele Sec\u0163iei de Drept Privat, Consiliul Legislativ din Rom\u00e2nia<\/p>\n<p><strong>Alina Oprea<\/strong>,\u00a0<em>Regulamentul Roma I \u015fi regimul juridic al normelor imperative<\/em><\/p>\n<p><strong>Viviana Onaca, Ioana Burduf<\/strong>,\u00a0<a href=\"http:\/\/eubusinesslaw.wordpress.com\/2009\/10\/07\/d-na-judecator-camelia-toader-a-fost-judecator-raportor-in-cauza-c-13308-icf-prima-aplicare-a-conventiei-de-la-roma-privind-legea-aplicabila-obligatiilor-contractuale\/\" target=\"_blank\"><em>Cauza C-133\/08, hot\u0103r\u00e2re din 6 octombrie 2009 (ICF)<\/em><\/a><em>: prima aplicare a Conventiei de la Roma privind legea aplicabila obligatiilor contractuale<\/em><\/p>\n<p><strong>Angela M\u00ee\u0163\u0103-Baciu<\/strong>,\u00a0<em>Noua reglementare \u00een domeniul legii aplicabile contractelor \u00een Europa \u015fi \u00een statele membre ale UE [New regulation on the applicable law for contracts in Europe and EU Member States]<\/em><\/p>\n<p><strong>Bogdan Trandafirescu<\/strong>,\u00a0<em>Libertatea p\u0103r\u0163ilor \u00een determinarea legii aplicabile contractului de comer\u0163 interna\u0163ional din perspectiva Regulamentului Roma I<\/em><\/p>\n<p><strong>Anca Melinte, Silvia Axinescu<\/strong>,\u00a0<em>Legislatia aplicabil\u0103 \u00een cadrul contractelor electronice<\/em><\/p>\n<p><strong>Anca Ileana Du\u015fc\u0103, Robert Bischin<\/strong>,\u00a0<em>Unificarea dreptului contractelor \u2013 \u015fi rolul ei \u2013 \u00een dezvoltarea economiei europene<\/em><\/p>\n<p>Dezbaterea \u00ee\u015fi propune realizarea unui schimb de puncte de vedere at\u00e2t din perspectiva teoreticienilor, c\u00e2t \u015fi practicienilor (judec\u0103tori \u015fi avoca\u0163i), pornind de la aspecte cheie eviden\u0163iate \u00een jurispruden\u0163a Cur\u0163ii de Justi\u0163ie a Comunit\u0103\u0163ilor Europene \u015fi \u00een dreptul derivat comunitar.<\/p>\n<p>Lucr\u0103rile \u015fi prezent\u0103rile sus\u0163inute cu ocazia colocviului urmeaz\u0103 a fi publicate \u00eentr-un volum, care va ap\u0103rea la o editur\u0103 recunoscut\u0103 de CNCSIS.<\/p>\n<p>Confirmarea particip\u0103rii se face prin e-mail (<a href=\"mailto:mihai.sandru@csde.ro\">mihai.sandru@csde.ro<\/a>) p\u00e2n\u0103 la data de 29 octombrie 2009. Solicitan\u0163ii sunt ruga\u0163i s\u0103 men\u0163ioneze: numele \u015fi prenumele, afilierea institu\u0163ional\u0103 \u015fi func\u0163ia, precum \u015fi domeniul de interes \u00een materia dreptului european.<\/p>\n<p>Informa\u0163ii suplimentare \u015fi materiale referitoare la conferinta sunt disponibile la adresa\u00a0<strong><a href=\"http:\/\/eubusinesslaw.wordpress.com\/\" target=\"_blank\">eubusinesslaw.wordpress.com<\/a><\/strong><\/p>\n<p>Este \u00eencurajat\u0103 participarea la lucr\u0103rile colocviului cu prezent\u0103ri viz\u00e2nd subiectele enumerate anterior dar \u015fi altele referitoare la probleme conexe ce ar putea fi de interes.<\/p>\n<p>Partener media principal:\u00a0<a href=\"http:\/\/eubusinesslaw.wordpress.com\/www.juridice.ro\" target=\"_blank\">www.juridice.ro<\/a><\/p>\n<p>Parteneri:<\/p>\n<p><a href=\"http:\/\/www.ssj.ro\/\" target=\"_blank\">SSJ \u2013 Societatea de Studii Juridice<\/a><\/p>\n<p><a href=\"http:\/\/arbitration.ccir.ro\/rra.htm\" target=\"_blank\">Revista Rom\u00e2n\u0103 de Arbitraj<\/a><\/p>\n<p><a href=\"http:\/\/www.universuljuridic.ro\/\" target=\"_blank\">Editura Universul Juridic<\/a><\/p>\n<p>Revista Forumul Judecatorilor<\/p>\n<p>Editura Universitar\u0103<\/p>\n<p>Editura Wolters Kluwer<\/p>\n<p>Editura Hamangiu<\/p>\n<p>Editura C.H.Beck<\/p>\n<p>Revista Rom\u00e2n\u0103 de Drept Comunitar, infolegal.ro, Tribuna Economic\u0103, Euroconsultan\u0163\u0103,<a href=\"http:\/\/eubusinesslaw.wordpress.com\/\" rel=\"nofollow\">http:\/\/eubusinesslaw.wordpress.com\/<\/a>.<\/p>\n<p>Comitetul de organizare: Nicolae Turcu, Mihai Banu, Mihai Sandru, Andrei Savescu.<\/p>\n<p>* * *<\/p>\n<p>Documente referitoare la aceast\u0103 conferin\u0163\u0103 vor fi disponibile la adresa web<\/p>\n<p><a href=\"http:\/\/eubusinesslaw.wordpress.com\/\" rel=\"nofollow\">http:\/\/eubusinesslaw.wordpress.com\/<\/a><\/p>\n<p>Nu se percepte tax\u0103 de participare. Locurile sunt limitate, \u00eenscrierea participan\u0163ilor realiz\u00e2ndu-se \u00een ordinea cronologic\u0103 a confirmarilor. Sunt a\u015fteptate propuneri de sponsorizare a evenimentului.<\/p>\n","protected":false},"excerpt":{"rendered":"","protected":false},"author":1,"featured_media":0,"comment_status":"closed","ping_status":"closed","sticky":false,"template":"","format":"standard","meta":{"footnotes":""},"categories":[10],"tags":[],"class_list":["post-2595","post","type-post","status-publish","format-standard","hentry","category-evenimente"],"_links":{"self":[{"href":"http:\/\/www.csde.ro\/index.php?rest_route=\/wp\/v2\/posts\/2595"}],"collection":[{"href":"http:\/\/www.csde.ro\/index.php?rest_route=\/wp\/v2\/posts"}],"about":[{"href":"http:\/\/www.csde.ro\/index.php?rest_route=\/wp\/v2\/types\/post"}],"author":[{"embeddable":true,"href":"http:\/\/www.csde.ro\/index.php?rest_route=\/wp\/v2\/users\/1"}],"replies":[{"embeddable":true,"href":"http:\/\/www.csde.ro\/index.php?rest_route=%2Fwp%2Fv2%2Fcomments&post=2595"}],"version-history":[{"count":1,"href":"http:\/\/www.csde.ro\/index.php?rest_route=\/wp\/v2\/posts\/2595\/revisions"}],"predecessor-version":[{"id":2596,"href":"http:\/\/www.csde.ro\/index.php?rest_route=\/wp\/v2\/posts\/2595\/revisions\/2596"}],"wp:attachment":[{"href":"http:\/\/www.csde.ro\/index.php?rest_route=%2Fwp%2Fv2%2Fmedia&parent=2595"}],"wp:term":[{"taxonomy":"category","embeddable":true,"href":"http:\/\/www.csde.ro\/index.php?rest_route=%2Fwp%2Fv2%2Fcategories&post=2595"},{"taxonomy":"post_tag","embeddable":true,"href":"http:\/\/www.csde.ro\/index.php?rest_route=%2Fwp%2Fv2%2Ftags&post=2595"}],"curies":[{"name":"wp","href":"https:\/\/api.w.org\/{rel}","templated":true}]}}