{"id":2591,"date":"2009-05-30T03:02:05","date_gmt":"2009-05-30T00:02:05","guid":{"rendered":"http:\/\/www.csde.ro\/?p=2591"},"modified":"2014-09-30T03:59:01","modified_gmt":"2014-09-30T00:59:01","slug":"csde-18-iunie-2009-intrebarea-preliminara-si-protectia-drepturilor-omului-studii-recente-de-caz-interpretarea-unor-dispozitii-ale-conventiei-europene-a-drepturilor-omului-si-respectiv-ale","status":"publish","type":"post","link":"http:\/\/www.csde.ro\/?p=2591","title":{"rendered":"CSDE: 18 iunie 2009: \u00ab\u00centrebarea preliminar\u0103 \u015fi protec\u0163ia drepturilor omului. Studii recente de caz: interpretarea unor dispozi\u0163ii ale Conven\u0163iei europene a drepturilor omului \u015fi, respectiv, ale Cartei Drepturilor Fundamentale a Uniunii Europene\u00bb"},"content":{"rendered":"<p><!--more--><\/p>\n<p>Stimat\u0103 Doamn\u0103\/Stimate Domn,<\/p>\n<p>Centrul de Studii de Drept European (CSDE) al Institutului de Cercet\u0103ri Juridice din cadrul Academiei Rom\u00e2ne organizeaz\u0103 la data de 18 iunie 2009, ora 13, la Centrul Infoeuropa, Calea Victoriei, nr. 88 (Cladirea Bibliotecii Centrale Universitare)<\/p>\n<p>&nbsp;<\/p>\n<p><strong>Colocviul<\/strong><\/p>\n<p><strong>\u00ab\u00centrebarea preliminar\u0103 \u015fi protec\u0163ia drepturilor omului. Studii recente de caz: cereri de interpretare a unor dispozi\u0163ii ale Conven\u0163iei europene a drepturilor omului \u015fi, respectiv, ale Cartei Drepturilor Fundamentale a Uniunii Europene\u00bb<\/strong><\/p>\n<p>&nbsp;<\/p>\n<p>Interpretarea \u015fi aplicarea dreptului comunitar deschide calea, p\u00e2n\u0103 acum evitat\u0103, a unui conflict al jurisdic\u0163iilor. Importan\u0163a fenomenului politic al protec\u0163iei drepturilor fundamentale \u00een Europa a determinat crearea unui organism jurisdic\u0163ional consacrat: Curtea European\u0103 a Drepturilor Omului. Curtea de Justi\u0163ie a Comunit\u0103\u0163ilor Europene, \u00een avizul 2\/94, s-a pronun\u0163at \u00een sensul necesit\u0103\u0163ii de amendare a tratatelor pentru a face posibil\u0103 aderarea Comunit\u0103\u0163ii\/Uniunii la Conven\u0163ia european\u0103 a drepturilor omului, modificare realizat\u0103 \u00een urma elabor\u0103rii Tratatului de la Lisabona. Aderarea la CEDO ar urma s\u0103 aib\u0103 loc \u00een viitor, dup\u0103 intrarea \u00een vigoare a tratatului.<\/p>\n<p>\u00cen plus, odat\u0103 cu prognozata intrare \u00een vigoare a Tratatului de la Lisabona ar urma s\u0103 dob\u00e2ndeasc\u0103 valoare juridic\u0103 obligatorie \u015fi Carta drepturilor fundamentale a Uniunii Europene, instrument juridic al Uniunii.<\/p>\n<p>Dac\u0103 \u00een practica instan\u0163ei comunitare s-a f\u0103cut referire constant\u0103 la dispozi\u0163ii ale Conven\u0163iei europene a drepturilor omului \u015fi la jurispruden\u0163a CEDO, \u00een ultimii ani, Curtea de Justi\u0163ie \u015fi avoca\u0163ii s\u0103i generali au recurs \u00een mai multe r\u00e2nduri \u015fi la Carta drepturilor fundamentale a Uniunii Europene.<\/p>\n<p>\u00cen acest context, \u00een practica recent\u0103 a instan\u0163elor rom\u00e2ne\u015fti a fost abordat\u0103 posibilitatea sesiz\u0103rii Cur\u0163ii de Justi\u0163ie \u00een temeiul articolului 234 CE cu \u00eentreb\u0103ri preliminare av\u00e2nd ca obiect interpretarea unor dispozi\u0163ii ale Cartei drepturilor fundamentale a Uniunii Europene ori, mai mult chiar, ale Conven\u0163iei europene a drepturilor omului. Aceast\u0103 posibilitate, izvor\u00e2t\u0103 mai cur\u00e2nd din necunoa\u015ftere, a fost ridicat\u0103 de p\u0103r\u0163i ale litigiilor, \u00eens\u0103 instan\u0163ele rom\u00e2ne\u015fti au respins, \u00een mod \u00eentemeiat, astfel de posibilit\u0103\u0163i.<\/p>\n<p>Dezbaterea \u00ee\u015fi propune realizarea unui schimb de puncte de vedere at\u00e2t din perspectiva teoreticienilor, c\u00e2t \u015fi practicienilor (judec\u0103tori \u015fi avoca\u0163i) tocmai din aceast\u0103 perspectiv\u0103, \u00een vederea elucid\u0103rii unor posibile cauze ale acestei tendin\u0163e evident eronate.<\/p>\n<p>Lucr\u0103rile vor fi onorate de prezen\u0163a unor cunoscu\u0163i practiceni. P\u00e2n\u0103 \u00een prezent, a confirmat participarea dl. Gheorghe Buta, judec\u0103tor \u2013 \u00cenalta Curte de Casa\u0163ie \u015fi Justi\u0163ie.<\/p>\n<p>Colocviul ar urma s\u0103 se centreze asupra urm\u0103toarelor aspecte, lista nefiind exhaustiv\u0103:<\/p>\n<p>&#8211; valoarea juridic\u0103 a Cartei Drepturilor Fundamentale a Uniunii Europene;<\/p>\n<p>&#8211; mesajul politic \u015fi juridic al Cartei \u015fi al CEDO;<\/p>\n<p>&#8211; viitorul Cartei, potrivit Tratatului de la Lisabona, din perspectiva judec\u0103torului na\u0163ional;<\/p>\n<p>&#8211; valoarea interpretativ\u0103 a CEDO pentru dreptul comunitar.<\/p>\n<p>&nbsp;<\/p>\n<p>Confirmarea particip\u0103rii se face prin e-mail (mihai.sandru@gmail.com) p\u00e2n\u0103 la 17 iunie 2009. Solicitan\u0163ii sunt ruga\u0163i s\u0103 men\u0163ioneze: numele \u015fi prenumele, afilierea institu\u0163ional\u0103 \u015fi func\u0163ia precum \u015fi domeniul de interes \u00een materia dreptului european.<\/p>\n<p>Este \u00eencurajat\u0103 participarea la lucr\u0103rile colocviului cu prezent\u0103ri viz\u00e2nd subiectele enumerate anterior, dar \u015fi referitoare la orice alte chestiuni conexe ce ar putea fi de interes. \u00cen acest sens, doritorii pot adresa o solicitare de \u00eenscriere pe lista vorbitorilor, trimi\u0163\u00e2nd \u015fi un scurt rezumat al principalelor puncte ce ar urma s\u0103 fie atinse, la adresa de e-mail icj.csde@gmail.com.<\/p>\n<p>Lucr\u0103rile \u015fi prezent\u0103rile sus\u0163inute cu ocazia colocviului urmeaz\u0103 a fi publicate, de c\u0103tre Centru, \u00eentr-un volum care va ap\u0103rea la Editura Universitar\u0103 \u2013 editur\u0103 recunoscut\u0103 de CNCSIS.<\/p>\n<p>Informa\u0163ii suplimentare \u015fi materiale referitoare la colocviu vor fi disponibile la adresa<a href=\"http:\/\/www.eubusinesslaw.wordpress.com\/\" rel=\"nofollow\">http:\/\/www.eubusinesslaw.wordpress.com<\/a><\/p>\n<p>Cu stim\u0103,<\/p>\n<p>Conf. univ. dr. Mihai \u015eandru<\/p>\n<p><strong>Organizatori<\/strong>: Centrul de Studii de Drept European si Departamentul de Afaceri Europene.<\/p>\n<p><strong>Partener media principal<\/strong>: juridice.ro<\/p>\n<p><strong>Parteneri<\/strong>: SSJ (Societatea de Studii Juridice), infolegal.ro,Revista Rom\u00e2n\u0103 de Drept Comunitar, UNJR, Tribuna Economic\u0103, Euroconsultan\u0163\u0103,\u00a0<a href=\"http:\/\/eubusinesslaw.wordpress.com\/\" rel=\"nofollow\">http:\/\/eubusinesslaw.wordpress.com\/<\/a>; Editura Universitar\u0103, Editura C.H.Beck, Editura Universul Juridic, Editura Wolters Kluwer, Ed. Hamangiu.<\/p>\n<p>Documente referitoare la aceast\u0103 mas\u0103 rotund\u0103 vor fi disponibile la adresa web\u00a0<a href=\"http:\/\/eubusinesslaw.wordpress.com\/\" rel=\"nofollow\">http:\/\/eubusinesslaw.wordpress.com\/<\/a><\/p>\n<p>Nu se percepte tax\u0103 de participare. Locurile sunt limitate, \u00eenscrierea participan\u0163ilor realiz\u00e2ndu-se \u00een ordinea cronologic\u0103 a confirmarilor. Sunt a\u015fteptate propuneri de sponsorizare a evenimentului.<\/p>\n<p>Documente care vor fi discutate in cadrul dezbaterii:<\/p>\n<p>&#8211;\u00a0<a href=\"http:\/\/www.infolegal.ro\/wp-content\/uploads\/documente\/sesizareCJCE-2712-3-2006.doc\" target=\"_blank\">decizia civila nr.1559\/R din 3 decembrie 2008 a Tribunalului Vaslui (respinge cererea de sesizare a Curtii Europene de Justitie)<\/a>;<\/p>\n<p>&#8211;\u00a0<a href=\"http:\/\/www.infolegal.ro\/wp-content\/uploads\/documente\/DecizieCJCETribunalulVaslui.pdf\" target=\"_blank\">inchierea ICCJ din data de 24 februarie 2009 in dosarul 2712\/3\/2006 (respinge cererea de sesizare a Curtii Europene de Justitie)<\/a>.<\/p>\n","protected":false},"excerpt":{"rendered":"","protected":false},"author":1,"featured_media":0,"comment_status":"closed","ping_status":"closed","sticky":false,"template":"","format":"standard","meta":{"footnotes":""},"categories":[10],"tags":[],"class_list":["post-2591","post","type-post","status-publish","format-standard","hentry","category-evenimente"],"_links":{"self":[{"href":"http:\/\/www.csde.ro\/index.php?rest_route=\/wp\/v2\/posts\/2591"}],"collection":[{"href":"http:\/\/www.csde.ro\/index.php?rest_route=\/wp\/v2\/posts"}],"about":[{"href":"http:\/\/www.csde.ro\/index.php?rest_route=\/wp\/v2\/types\/post"}],"author":[{"embeddable":true,"href":"http:\/\/www.csde.ro\/index.php?rest_route=\/wp\/v2\/users\/1"}],"replies":[{"embeddable":true,"href":"http:\/\/www.csde.ro\/index.php?rest_route=%2Fwp%2Fv2%2Fcomments&post=2591"}],"version-history":[{"count":1,"href":"http:\/\/www.csde.ro\/index.php?rest_route=\/wp\/v2\/posts\/2591\/revisions"}],"predecessor-version":[{"id":2592,"href":"http:\/\/www.csde.ro\/index.php?rest_route=\/wp\/v2\/posts\/2591\/revisions\/2592"}],"wp:attachment":[{"href":"http:\/\/www.csde.ro\/index.php?rest_route=%2Fwp%2Fv2%2Fmedia&parent=2591"}],"wp:term":[{"taxonomy":"category","embeddable":true,"href":"http:\/\/www.csde.ro\/index.php?rest_route=%2Fwp%2Fv2%2Fcategories&post=2591"},{"taxonomy":"post_tag","embeddable":true,"href":"http:\/\/www.csde.ro\/index.php?rest_route=%2Fwp%2Fv2%2Ftags&post=2591"}],"curies":[{"name":"wp","href":"https:\/\/api.w.org\/{rel}","templated":true}]}}