{"id":2575,"date":"2009-09-15T23:58:56","date_gmt":"2009-09-15T20:58:56","guid":{"rendered":"http:\/\/www.csde.ro\/?p=2575"},"modified":"2014-09-29T00:08:35","modified_gmt":"2014-09-28T21:08:35","slug":"csde-conferinta-libera-circulatie-a-lucratorilor-si-serviciilor-repere-privind-cadrul-juridic-comunitar-al-recunoasterii-reciproce-a-diplomelor-29-09-2009","status":"publish","type":"post","link":"http:\/\/www.csde.ro\/?p=2575","title":{"rendered":"CSDE: Conferinta \u00abLibera circula\u0163ie a lucr\u0103torilor \u015fi serviciilor. Repere privind cadrul juridic comunitar al recunoa\u015fterii reciproce a diplomelor\u00bb, 29.09.2009"},"content":{"rendered":"<p><!--more--><\/p>\n<p>Centrul de Studii de Drept European (CSDE) al Institutului de Cercet\u0103ri Juridice din cadrul Academiei Rom\u00e2ne organizeaz\u0103 la data de 29 septembrie 2009, ora 14, la sediul s\u0103u din Calea 13 Septembrie, nr. 13<\/p>\n<p>&nbsp;<\/p>\n<p>Conferin\u0163a<\/p>\n<p><strong>\u00abLibera circula\u0163ie a lucr\u0103torilor \u015fi serviciilor. Repere privind cadrul juridic comunitar al recunoa\u015fterii reciproce a diplomelor<\/strong>\u00bb<\/p>\n<p>Pentru exercitarea de c\u0103tre resortisan\u0163ii comunitari \u2013 persoane fizice, a libert\u0103\u0163ilor fundamentale, o importan\u0163\u0103 fundamental\u0103 o de\u0163ine sistemul recunoa\u015fterii reciproce a calific\u0103rilor profesionale. \u00cen func\u0163ie de tipul de activitate pe care o persoan\u0103 fizic\u0103 o poate desf\u0103\u015fura \u00eentr-un stat membru, altul dec\u00e2t cel \u00een care a ob\u0163inut calificarea (\u201estat gazd\u0103\u201d), se distinge \u00eentre, pe de o parte, libera circula\u0163ie a lucr\u0103torilor (pentru o activitate salariat\u0103), iar pe de alt\u0103 parte, libera circula\u0163ie a serviciilor \u015fi libertatea de stabilire (pentru o activitate independent\u0103, nesalariat\u0103, inclusiv o profesie liber\u0103). De aceea, recunoa\u015fterea calific\u0103rilor profesionale de c\u0103tre statul gazd\u0103 permite respectivei persoane dob\u00e2ndirea accesului la aceea\u015fi profesie precum cea \u00een care s-a calificat \u00een statul de origine, \u00een acelea\u015fi condi\u0163ii precum cet\u0103\u0163enii statului gazd\u0103.<\/p>\n<p>Dezbaterea \u00ee\u015fi propune realizarea unui schimb de puncte de vedere at\u00e2t din perspectiva teoreticienilor, c\u00e2t \u015fi practicienilor (judec\u0103tori \u015fi avoca\u0163i), pornind de la aspecte cheie eviden\u0163iate \u00een jurispruden\u0163a Cur\u0163ii de Justi\u0163ie a Comunit\u0103\u0163ilor Europene \u015fi \u00een dreptul derivat comunitar.<\/p>\n<p>Lucr\u0103rile vor fi onorate de prezen\u0163a unor cunoscu\u0163i practiceni \u015fi vor fi moderate de c\u0103tre Nicolae Turcu, Presedintele Sectiei de Drept Privat \u2013 Consiliul Legislativ din Romania si Mihai \u015eandru.<\/p>\n<p>Confirmarea particip\u0103rii se face prin e-mail (<a href=\"mailto:mihai.sandru@csde.ro\">mihai.sandru@csde.ro<\/a>) p\u00e2n\u0103 la data de 28 septembrie 2009. Solicitan\u0163ii sunt ruga\u0163i s\u0103 men\u0163ioneze: numele \u015fi prenumele, afilierea institu\u0163ional\u0103 \u015fi func\u0163ia precum \u015fi domeniul de interes \u00een materia dreptului european.<\/p>\n<p>Lucr\u0103rile \u015fi prezent\u0103rile sus\u0163inute cu ocazia colocviului urmeaz\u0103 a fi publicate \u00eentr-un volum care va ap\u0103rea la o editur\u0103 recunoscut\u0103 de CNCSIS.<\/p>\n<p>Informa\u0163ii suplimentare \u015fi materiale referitoare la colocviu vor fi disponibile la adresa\u00a0<strong>eubusinesslaw.wordpress.com<\/strong>.<\/p>\n<p>Este \u00eencurajat\u0103 particularea la lucr\u0103rile colocviului cu prezent\u0103ri viz\u00e2nd subiectele enumerate, anterior dar \u015fi referitoare la orice alte chestiuni conexe ce ar putea fi de interes. \u00cen acest sens, doritorii pot adresa o solicitare de \u00eenscriere pe lista vorbitorilor, trimi\u0163\u00e2nd \u015fi un scurt rezumat al principalelor puncte ce ar urma s\u0103 fie atinse, la adresa de e-mail<a href=\"mailto:mihai.sandru@csde.ro\">mihai.sandru@csde.ro<\/a>.<\/p>\n<p>CSDE v\u0103 mul\u0163ume\u015fte pentru retransmiterea acestei invita\u0163ii c\u0103tre toate persoanele interesate.<\/p>\n<p>Program (update):<\/p>\n<p><strong>Moderatori: Prof. Nicolae Turcu<\/strong>, Pre\u015fedintele Sec\u0163iei de Drept Privat, Consiliul Legislativ din Rom\u00e2nia; <strong>Dr. Mihai Sandru<\/strong>, CSDE<\/p>\n<p><strong>Prof. univ. dr. Cornel Munteanu,\u00a0<\/strong>Director,\u00a0<strong>Adrian\u00a0Iordache<\/strong>, Centrul Na\u0163ional de Recunoa\u015ftere \u015fi Echivalare a Diplomelor<\/p>\n<p>&nbsp;<\/p>\n<p><strong>Prof. univ. dr. Nicoleta Diaconu<\/strong>,\u00a0<em>Cadrul juridic privind realizarea liberei circula\u0163ii a serviciilor \u015fi lucr\u0103torilor \u00een Uniunea European\u0103<\/em><\/p>\n<p><strong><\/strong><strong>Drd. Alina-\u015etefania Gorghiu<\/strong>,\u00a0<em>Recunoa\u015fterea diplomelor \u015fi a calific\u0103rilor profesionale<\/em><\/p>\n<p><strong><\/strong><strong>Drd. Bogdan Olteanu<\/strong>,\u00a0<em>Directiva 2005\/36\/CE a Parlamentului European \u015fi a Consiliului din 7 septembrie 2005 privind recunoa\u015fterea calific\u0103rilor profesionale<\/em><\/p>\n<p><strong>Conf. univ. dr. Anca Ileana Du\u015fc\u0103, Lect. univ. dr. Robert Bischin<\/strong>,\u00a0<em>Linii directoare ale dreptului comunitar \u015fi ale jurispruden\u0163ei \u00een materia recunoa\u015fterii calific\u0103rilor profesionale<\/em><\/p>\n<p><strong><\/strong><strong>Judec\u0103tor Mih\u0103i\u0163\u0103 Florin<\/strong>,\u00a0<em>Reglementarea \u015fi jurispruden\u0163a comunitar\u0103 \u00een materia liberei circula\u0163ii a serviciilor prestate de avoca\u0163i<\/em><\/p>\n<p><strong><\/strong><strong>Avocat Cleopatra Marin<\/strong><em>, M<\/em><em>obilitatea \u00een UE a resortisan\u0163ilor din statele ter\u0163e<\/em><strong><\/strong><\/p>\n<p><strong><\/strong><strong>Judec\u0103tor Drago\u015f C\u0103lin<\/strong>,\u00a0<em>Repere jurispruden\u0163iale ale dreptului francez \u00een domeniul recunoa\u015fterii diplomelor<\/em><\/p>\n<p><strong><\/strong><strong>Conf. univ. dr. Mihai \u015eandru,<em>\u00a0<\/em><\/strong><em>Evolu\u0163ia politicii comunitare de formare profesional\u0103. Semnifica\u0163ia momentului Gravier (cauza 293\/83)<\/em><\/p>\n<p><strong>Partener media principal<\/strong>:\u00a0<a href=\"http:\/\/www.juridice.ro\/\" rel=\"nofollow\">http:\/\/www.juridice.ro<\/a><\/p>\n<p><strong>Parteneri<\/strong>:<\/p>\n<p>Editura Wolters Kluwer, Editura Hamangiu, Editura Universitar\u0103, Editura C.H.Beck, Editura Universul Juridic.<\/p>\n<p>SSJ \u2013 Societatea de Studii Juridice, Revista Rom\u00e2n\u0103 de Drept Comunitar,\u00a0<a href=\"http:\/\/infolegal.ro\/\" target=\"_blank\">infolegal.ro<\/a>, Tribuna Economic\u0103, Euroconsultan\u0163\u0103,\u00a0<a href=\"http:\/\/eubusinesslaw.wordpress.com\/category\/romania-la-cjce-si-tpi\/\" target=\"_blank\">http:\/\/eubusinesslaw.wordpress.com\/<\/a>.<\/p>\n<p>Comitetul stiintific si de organizare: Nicolae Turcu, Dr. Mihai Sandru, Andrei Savescu, Mihai Banu<\/p>\n<p>Anuntul a fost publicat de:\u00a0<a href=\"http:\/\/www.juridice.ro\/83779\/libera-circulatie-a-lucratorilor-si-serviciilor-repere-privind-cadrul-juridic-comunitar-al-recunoasterii-reciproce-a-diplomelor-bucuresti-29-septembrie-2009.html\" target=\"_blank\">juridice<\/a>\u00a0si\u00a0<a href=\"http:\/\/www.infolegal.ro\/eveniment-csde-conferinta-%C2%ABlibera-circulatie-a-lucratorilor-si-serviciilor-repere-privind-cadrul-juridic-comunitar-al-recunoasterii-reciproce-a-diplomelor%C2%BB\/2009\/09\/16\/\" target=\"_blank\">infolegal<\/a>.<\/p>\n","protected":false},"excerpt":{"rendered":"","protected":false},"author":1,"featured_media":0,"comment_status":"closed","ping_status":"closed","sticky":false,"template":"","format":"standard","meta":{"footnotes":""},"categories":[10],"tags":[],"class_list":["post-2575","post","type-post","status-publish","format-standard","hentry","category-evenimente"],"_links":{"self":[{"href":"http:\/\/www.csde.ro\/index.php?rest_route=\/wp\/v2\/posts\/2575"}],"collection":[{"href":"http:\/\/www.csde.ro\/index.php?rest_route=\/wp\/v2\/posts"}],"about":[{"href":"http:\/\/www.csde.ro\/index.php?rest_route=\/wp\/v2\/types\/post"}],"author":[{"embeddable":true,"href":"http:\/\/www.csde.ro\/index.php?rest_route=\/wp\/v2\/users\/1"}],"replies":[{"embeddable":true,"href":"http:\/\/www.csde.ro\/index.php?rest_route=%2Fwp%2Fv2%2Fcomments&post=2575"}],"version-history":[{"count":3,"href":"http:\/\/www.csde.ro\/index.php?rest_route=\/wp\/v2\/posts\/2575\/revisions"}],"predecessor-version":[{"id":2578,"href":"http:\/\/www.csde.ro\/index.php?rest_route=\/wp\/v2\/posts\/2575\/revisions\/2578"}],"wp:attachment":[{"href":"http:\/\/www.csde.ro\/index.php?rest_route=%2Fwp%2Fv2%2Fmedia&parent=2575"}],"wp:term":[{"taxonomy":"category","embeddable":true,"href":"http:\/\/www.csde.ro\/index.php?rest_route=%2Fwp%2Fv2%2Fcategories&post=2575"},{"taxonomy":"post_tag","embeddable":true,"href":"http:\/\/www.csde.ro\/index.php?rest_route=%2Fwp%2Fv2%2Ftags&post=2575"}],"curies":[{"name":"wp","href":"https:\/\/api.w.org\/{rel}","templated":true}]}}