{"id":2494,"date":"2010-05-29T20:31:32","date_gmt":"2010-05-29T17:31:32","guid":{"rendered":"http:\/\/www.csde.ro\/?p=2494"},"modified":"2014-03-29T20:33:48","modified_gmt":"2014-03-29T18:33:48","slug":"revista-romana-de-drept-european-3-din-2010","status":"publish","type":"post","link":"http:\/\/www.csde.ro\/?p=2494","title":{"rendered":"Revista romana de drept european, 3 din 2010"},"content":{"rendered":"<p style=\"text-align: justify;\" align=\"center\"><b style=\"font-size: 14px; line-height: 1.5em;\"><!--more-->Koen Lenaerts<\/b><span style=\"font-size: 14px; line-height: 1.5em;\">, <\/span><i style=\"font-size: 14px; line-height: 1.5em;\">Challenges facing the European Court of Justice after the Treaty of Lisbon [Provoc\u0103rile cu care se confrunt\u0103 Curtea European\u0103 de Justi\u0163ie, dup\u0103 Tratatul de la Lisabona]<\/i><\/p>\n<p><b>Camelia Toader<\/b>, <i>Un model de celeritate \u00een materia cooper\u0103rii judiciare<\/i><i>: <\/i><i>procedura preliminar\u0103 de urgen\u0163\u0103 (PPU)<\/i><\/p>\n<p><b>Michal Bobek<\/b>, <i>S\u0103 ai doi st\u0103p\u00e2ni; Aplicarea dreptului european de c\u0103tre autorit\u0103\u0163i administrative din noile state membre<\/i><\/p>\n<p><b>Wouter P. J. Wils<\/b>, <i>Nivelul crescut al amenzilor pentru antitrust \u00een UE, controlul judec\u0103toresc \u015fi Conven\u0163ia european\u0103 a drepturilor omului<\/i><\/p>\n<p><b>Charlotte Leskinen<\/b>, <i>The Implications of the Accession of the European Union to the ECHR for Undertakings\u2019 Rights of Defense during Antitrust Inspections<\/i><\/p>\n<p><b>Simona Constantin<\/b>, <i>Reconsiderarea subsidiarit\u0103\u0163ii \u015fi echilibrul puterilor \u00een UE \u00een lumina Tratatului de la Lisabona \u015fi dincolo de acesta<\/i><\/p>\n<p><b>G\u00e9raud Sajust de Bregues<\/b>, <i>Fran\u0163a \u00een fa\u0163a instan\u0163elor judec\u0103tore\u015fti comunitare<\/i><\/p>\n<p align=\"center\">\n<p align=\"center\"><b>JURISPRUDEN\u0162A INSTAN\u0162ELOR UNIUNII EUROPENE<\/b><\/p>\n<p align=\"center\">(selec\u0163ie \u015fi comentarii realizate de <b>Constantin<\/b> <b>Mihai Banu<\/b>)<\/p>\n<p>&nbsp;<\/p>\n<p>CJCE, Camera a doua, hot\u0103r\u00e2rea din 23 aprilie 2009, cauza C-362\/06 P, <i>Markku Sahlstedt \u015fi al\u0163ii\/Comisia<\/i>, nepublicat\u0103 \u00eenc\u0103 \u00een Rep.<\/p>\n<p>CJCE, Camera \u00eent\u00e2i, hot\u0103r\u00e2rea din 30 aprilie 2009, cauza C-494\/06 P, <i>Comisia\/Republica Italian\u0103 \u015fi Wam SpA<\/i>, nepublicat\u0103 \u00eenc\u0103 \u00een Rep.<\/p>\n<p>TPI, Camera a \u015faptea, ordonan\u0163a din 19 mai 2009, cauza T-528\/08, <i>Baki Delice \u015fi Seval Delice<\/i><b>\/<\/b><i>Stadt Erlangen \u015fi Comisia<\/i>, nepublicat\u0103 \u00een Rec.<\/p>\n<p>CJCE, Camera a doua, hot\u0103r\u00e2rea din 4 iunie 2009, cauza C-568\/07, <i>Comisia\/Republica Elen\u0103<\/i>, nepublicat\u0103 \u00eenc\u0103 \u00een Rep.<\/p>\n<p>CJCE, Camera a patra, hot\u0103r\u00e2rea din 11 iunie 2009, cauza C-429\/07, <i>Inspecteur van de Belastingdienst\/X BV<\/i>, nepublicat\u0103 \u00eenc\u0103 \u00een Rep.<\/p>\n<p>CJCE, Camera a \u015faptea, ordonan\u0163a din 4 iunie 2009, cauza C-129\/08, <i>Carlos Cloet, Jacqueline Cloet\/WVI<\/i>, nepublicat\u0103 \u00een Rec.<\/p>\n<p>CJCE, Camera a treia, hot\u0103r\u00e2rea din 25 iunie 2009, cauza C-14\/08, <i>Roda Golf &amp; Beach Resort SL<\/i>, nepublicat\u0103 \u00eenc\u0103 \u00een Rep.<\/p>\n<p>CJCE, Camera a doua, hot\u0103r\u00e2rea din 16 iulie 2009, cauza C-165\/08, <i>Comisia\/Republica Polon\u0103<\/i>, nepublicat\u0103 \u00eenc\u0103 \u00een Rep.<\/p>\n<p>&nbsp;<\/p>\n<p><b>RECENZII<\/b><\/p>\n<p>&nbsp;<\/p>\n<p><b>Robert Sch\u00fctze<\/b>, <i>From Dual to Cooperative Federalism. The Changing Structure of European Law<\/i>, Oxford Studies in European Law, Oxford University Press, Oxford, 2009, xxxvi + 391 p. [Mihai Banu]<\/p>\n<p>&nbsp;<\/p>\n<p align=\"center\"><b>Drept la replic\u0103<\/b><\/p>\n<p><b>\u00a0<\/b>II. Uniunea European\u0103 \u2013 subiect de drept &#8211;\u00a0Lector univ. dr. Anamaria Groza<\/p>\n<p><b>CENTRUL DE STUDII DE DREPT EUROPEAN (CSDE)<\/b><\/p>\n","protected":false},"excerpt":{"rendered":"","protected":false},"author":1,"featured_media":0,"comment_status":"closed","ping_status":"closed","sticky":false,"template":"","format":"standard","meta":{"footnotes":""},"categories":[27,7,18,20],"tags":[],"class_list":["post-2494","post","type-post","status-publish","format-standard","hentry","category-autori-si-conferentiari","category-despre-noi","category-publicatii","category-revista-romana-de-drept-european-publicatii"],"_links":{"self":[{"href":"http:\/\/www.csde.ro\/index.php?rest_route=\/wp\/v2\/posts\/2494"}],"collection":[{"href":"http:\/\/www.csde.ro\/index.php?rest_route=\/wp\/v2\/posts"}],"about":[{"href":"http:\/\/www.csde.ro\/index.php?rest_route=\/wp\/v2\/types\/post"}],"author":[{"embeddable":true,"href":"http:\/\/www.csde.ro\/index.php?rest_route=\/wp\/v2\/users\/1"}],"replies":[{"embeddable":true,"href":"http:\/\/www.csde.ro\/index.php?rest_route=%2Fwp%2Fv2%2Fcomments&post=2494"}],"version-history":[{"count":1,"href":"http:\/\/www.csde.ro\/index.php?rest_route=\/wp\/v2\/posts\/2494\/revisions"}],"predecessor-version":[{"id":2495,"href":"http:\/\/www.csde.ro\/index.php?rest_route=\/wp\/v2\/posts\/2494\/revisions\/2495"}],"wp:attachment":[{"href":"http:\/\/www.csde.ro\/index.php?rest_route=%2Fwp%2Fv2%2Fmedia&parent=2494"}],"wp:term":[{"taxonomy":"category","embeddable":true,"href":"http:\/\/www.csde.ro\/index.php?rest_route=%2Fwp%2Fv2%2Fcategories&post=2494"},{"taxonomy":"post_tag","embeddable":true,"href":"http:\/\/www.csde.ro\/index.php?rest_route=%2Fwp%2Fv2%2Ftags&post=2494"}],"curies":[{"name":"wp","href":"https:\/\/api.w.org\/{rel}","templated":true}]}}