{"id":191,"date":"2010-10-13T21:31:21","date_gmt":"2010-10-13T18:31:21","guid":{"rendered":"http:\/\/www.csde.ro\/?p=191"},"modified":"2010-10-13T21:31:21","modified_gmt":"2010-10-13T18:31:21","slug":"conferinta-csde-21-octombrie-2010-hotararile-pronuntate-de-curtea-europeana-a-drepturilor-omului-impotriva-romaniei-analiza-consecinte-autoritati-potential-responsabile-aplicarea-procedur","status":"publish","type":"post","link":"http:\/\/www.csde.ro\/?p=191","title":{"rendered":"Conferinta CSDE, 21 octombrie 2010 &#8211; \u00ab Hot\u0103r\u00e2rile pronun\u0163ate de Curtea European\u0103 a Drepturilor Omului \u00eempotriva Rom\u00e2niei. Analiz\u0103, consecin\u0163e, autorit\u0103\u0163i poten\u0163ial responsabile.Aplicarea procedurii hot\u0103r\u00e2rilor pilot pentru disfunc\u0163ionalit\u0103\u0163i sistemice\u00bb"},"content":{"rendered":"<p style=\"background-image: initial; background-attachment: initial; background-origin: initial; background-clip: initial; background-color: transparent; margin-top: 0px; margin-right: 0px; margin-bottom: 24px; margin-left: 0px; vertical-align: baseline; text-align: justify; padding: 0px;\">Centrul de Studii de Drept European (CSDE) al Institutului de Cercet\u0103ri Juridice din cadrul Academiei Rom\u00e2ne, Asocia\u0163ia Forumul Judec\u0103torilor din Rom\u00e2nia \u015fi Editura Universitar\u0103 organizeaz\u0103 la data de\u00a0<strong>21 octombrie 2010<\/strong>,\u00a0<strong>ora 14:00<\/strong>, la sediul Academiei Rom\u00e2ne din Calea Victoriei nr. 125<\/p>\n<p style=\"background-image: initial; background-attachment: initial; background-origin: initial; background-clip: initial; background-color: transparent; margin-top: 0px; margin-right: 0px; margin-bottom: 24px; margin-left: 0px; vertical-align: baseline; text-align: center; padding: 0px;\">Conferin\u0163a<\/p>\n<p style=\"background-image: initial; background-attachment: initial; background-origin: initial; background-clip: initial; background-color: transparent; margin-top: 0px; margin-right: 0px; margin-bottom: 24px; margin-left: 0px; vertical-align: baseline; text-align: center; padding: 0px;\">\u00ab<strong> Hot\u0103r\u00e2rile pronun\u0163ate de <\/strong><strong>Curtea European\u0103 <\/strong><strong>a Drepturilor Omului<\/strong><strong> <\/strong><strong>\u00eempotriva Rom\u00e2niei. <\/strong><strong>Analiz\u0103, consecin\u0163e, autorit\u0103\u0163i poten\u0163ial responsabile.<\/strong><strong>Aplicarea procedurii hot\u0103r\u00e2rilor pilot pentru disfunc\u0163ionalit\u0103\u0163i sistemice<\/strong>\u00bb<\/p>\n<p style=\"background-image: initial; background-attachment: initial; background-origin: initial; background-clip: initial; background-color: transparent; margin-top: 0px; margin-right: 0px; margin-bottom: 24px; margin-left: 0px; vertical-align: baseline; text-align: justify; padding: 0px;\"><strong> <\/strong><\/p>\n<p style=\"background-image: initial; background-attachment: initial; background-origin: initial; background-clip: initial; background-color: transparent; margin-top: 0px; margin-right: 0px; margin-bottom: 24px; margin-left: 0px; vertical-align: baseline; text-align: justify; padding: 0px;\">\u00cen februarie 2010, Curtea European\u0103 a Drepturilor Omului a luat \u00een discu\u0163ie aplicarea procedurii pilot \u00een dou\u0103 cauze, cu privire la imobilele na\u0163ionalizate confiscate \u00een mod abuziv de regimul comunist din Rom\u00e2nia \u00een perioada 6 martie 1945 \u2013 22 decembrie 1989. Hot\u0103r\u00e2rile pilot adoptate de Curtea European\u0103 a Drepturilor Omului, care relev\u0103 o tendin\u0163\u0103 de constitiu\u0163ionalizare a activit\u0103\u0163ii Cur\u0163ii, au menirea de a identifica acele probleme juridice controversate cu care se confrunt\u0103 \u00een mod constant un num\u0103r mare de justi\u0163iabili care se adreseaz\u0103 Cur\u0163ii de la Strasbourg.<\/p>\n<p style=\"background-image: initial; background-attachment: initial; background-origin: initial; background-clip: initial; background-color: transparent; margin-top: 0px; margin-right: 0px; margin-bottom: 24px; margin-left: 0px; vertical-align: baseline; text-align: justify; padding: 0px;\">\u00cen aceast\u0103 procedur\u0103, Curtea se pronun\u0163\u0103 asupra unei situa\u0163ii care a generat un val de cereri \u015fi care relev\u0103 o problem\u0103 structural\u0103 a sistemului de drept, indic\u00e2nd m\u0103surile generale ce trebuie luate pentru a elimina inadverten\u0163ele sistemice \u015fi structurale care determin\u0103 num\u0103rul foarte mare de cereri.<\/p>\n<p style=\"background-image: initial; background-attachment: initial; background-origin: initial; background-clip: initial; background-color: transparent; margin-top: 0px; margin-right: 0px; margin-bottom: 24px; margin-left: 0px; vertical-align: baseline; text-align: justify; padding: 0px;\">Odat\u0103 cu declan\u015farea procedurii, toate cauzele aflate pe rolul Cur\u0163ii Europene a Drepturilor Omului, av\u00e2nd acest obiect, au fost suspendate p\u00e2n\u0103 c\u00e2nd autorit\u0103\u0163ile statului rom\u00e2n vor adopta m\u0103surile legislative, administrative \u015fi bugetare care vor fi impuse.<\/p>\n<p style=\"background-image: initial; background-attachment: initial; background-origin: initial; background-clip: initial; background-color: transparent; margin-top: 0px; margin-right: 0px; margin-bottom: 24px; margin-left: 0px; vertical-align: baseline; text-align: justify; padding: 0px;\">\u00cen cauza\u00a0<strong><em>Maria Atanasiu \u015fi alt<\/em><\/strong><strong><em>ii<\/em><\/strong>, a c\u0103rei solu\u0163ie s-a pronun\u0163at la data de\u00a0<strong>12 octombrie 2010<\/strong>, Curtea a invocat cele peste 1.000 de cauze av\u00e2nd ca obiect restituirea imobilelor na\u0163ionalizate de statul rom\u00e2n \u015fi cauzele \u00een care Rom\u00e2nia este frecvent condamnat\u0103 pentru diversele \u00eenc\u0103lc\u0103ri ale Primului Protocolul adi\u0163ional la Conven\u0163ia european\u0103 pentru ap\u0103rarea drepturilor omului \u015fi a libert\u0103\u0163ilor fundamentale.<\/p>\n<p style=\"background-image: initial; background-attachment: initial; background-origin: initial; background-clip: initial; background-color: transparent; margin-top: 0px; margin-right: 0px; margin-bottom: 24px; margin-left: 0px; vertical-align: baseline; text-align: justify; padding: 0px;\">Curtea a atras aten\u0163ia c\u0103, \u00een ciuda zecilor de hot\u0103r\u00e2ri prin care s-a pronun\u0163at asupra ineficien\u0163ei mecanismului de acordare a compensa\u0163iilor pentru imobilele na\u0163ionalizate de statul rom\u00e2n, nu s-au realizat progrese semnificative \u00een privin\u0163a reform\u0103rii \u015fi consolid\u0103rii cadrului legislativ \u00een materie.<\/p>\n<p style=\"background-image: initial; background-attachment: initial; background-origin: initial; background-clip: initial; background-color: transparent; margin-top: 0px; margin-right: 0px; margin-bottom: 24px; margin-left: 0px; vertical-align: baseline; text-align: justify; padding: 0px;\"><strong>Care sunt remediile pentru disfunc\u0163ionalit\u0103\u0163ile sistemice \u015fi care ar putea fi autoritatea responsabil\u0103 pentru acest val de hot\u0103r\u00e2ri?<\/strong><\/p>\n<p style=\"background-image: initial; background-attachment: initial; background-origin: initial; background-clip: initial; background-color: transparent; margin-top: 0px; margin-right: 0px; margin-bottom: 24px; margin-left: 0px; vertical-align: baseline; text-align: justify; padding: 0px;\">\u00cen urma numeroaselor condamn\u0103ri ale Rom\u00e2niei, \u00een opinia public\u0103 s-a transmis cu o siguran\u0163\u0103 specific\u0103, de c\u0103tre oamenii politici, pres\u0103 ori de c\u0103tre reprezentan\u0163i ai autorit\u0103\u0163ilor publice, ideea c\u0103 judec\u0103torii poart\u0103 vina exclusiv\u0103 a acestor condamn\u0103ri, desigur, \u00een planul cauzalit\u0103\u0163ii fiind ultima verig\u0103 \u00eenainte de trimiterea unei cauze pe rolul Cur\u0163ii Europene a Drepturilor Omului. O astfel de opinie se bazeaz\u0103 pe argumente speculative, iar nu pe o cercetare \u015ftiin\u0163ific\u0103 am\u0103nun\u0163it\u0103.<\/p>\n<p style=\"background-image: initial; background-attachment: initial; background-origin: initial; background-clip: initial; background-color: transparent; margin-top: 0px; margin-right: 0px; margin-bottom: 24px; margin-left: 0px; vertical-align: baseline; text-align: justify; padding: 0px;\">Cu acest prilej, va fi lansat\u0103 lucrarea \u201e<strong>Hot\u0103r\u00e2rile Cur\u0163ii Europene a Drepturilor Omului\u00a0 \u00een cauzele \u00eempotriva Rom\u00e2niei din perioada <\/strong><strong>1994-2009<\/strong><strong>. Analiz\u0103, consecin\u0163e, autorit\u0103\u0163i poten\u0163ial responsabile<\/strong>\u201d, \u00een care autorii Drago\u015f C\u0103lin, judec\u0103tor \u2013 Curtea de Apel Bucure\u015fti, Bianca \u0162\u0103nd\u0103rescu, judec\u0103tor \u2013 Curtea de Apel Bucure\u015fti, Mihaela Vasiescu, judec\u0103tor \u2013 Curtea de Apel T\u00eergu Mure\u015f, Paula-Andrada Co\u0163ovanu, judec\u0103tor \u2013 Curtea de Apel Pite\u015fti, Beatrice Rama\u015fcanu, judec\u0103tor \u2013 Tribunalul Bucure\u015fti, Ionu\u0163 Militaru, judec\u0103tor \u2013 Judec\u0103toria Sectorului 6 Bucure\u015fti, Serena Militaru, judec\u0103tor \u2013 Judec\u0103toria Sectorului 2 Bucure\u015fti, Roxana L\u0103c\u0103tu\u015fu, judec\u0103tor \u2013 Judec\u0103toria Sectorului 4 Bucure\u015fti, Lucia Zaharia, judec\u0103tor \u2013 Judec\u0103toria Sectorului 5 Bucure\u015fti, Lavinia C\u00eerciumaru, judec\u0103tor \u2013 Judec\u0103toria Constan\u0163a \u015fi Alexandra L\u0103ncr\u0103njan, procuror \u2013 Parchetul de pe l\u00e2ng\u0103 Judec\u0103toria Sectorului 2 Bucure\u015fti au urm\u0103rit s\u0103 rezume fiecare cauz\u0103 \u00een care Rom\u00e2nia a fost condamnat\u0103 de Curtea European\u0103 a Drepturilor Omului, s\u0103 g\u0103seasc\u0103 autorit\u0103\u0163ile poten\u0163ial responsabile, necru\u0163\u00e2nd \u00een vreun fel puterea judec\u0103toreasc\u0103, \u015fi s\u0103 observe \u00een ce m\u0103sur\u0103 acestea s-au conformat \u015fi au reac\u0163ionat concret, dup\u0103 pronun\u0163area hot\u0103r\u00e2rilor.<\/p>\n<p style=\"background-image: initial; background-attachment: initial; background-origin: initial; background-clip: initial; background-color: transparent; margin-top: 0px; margin-right: 0px; margin-bottom: 24px; margin-left: 0px; vertical-align: baseline; text-align: justify; padding: 0px;\">Rezumarea hot\u0103r\u00e2rilor \u015fi extragerea argumentelor relevante din motivarea Cur\u0163ii, cu riscul asumat de a afecta \u2013 c\u00e2tu\u015fi de pu\u0163in \u2013 acurate\u0163ea textului original, constituie totu\u015fi un avantaj deoarece culegerea permite parcurgerea \u00een timp scurt a \u00eentregii jurispruden\u0163e CEDO \u015fi devine un instrument util \u00een biblioteca oric\u0103rui teoretician sau practician al dreptului, deziderat c\u0103ruia \u00eei serve\u015fte \u015fi modul \u00een care a fost conceput\u0103 indexarea dup\u0103 cuvinte cheie, cu trimitere la toate cauzele relevante din perioada 1994-2009.<\/p>\n<p style=\"background-image: initial; background-attachment: initial; background-origin: initial; background-clip: initial; background-color: transparent; margin-top: 0px; margin-right: 0px; margin-bottom: 24px; margin-left: 0px; vertical-align: baseline; text-align: justify; padding: 0px;\">Nu \u00een ultimul r\u00e2nd, motivele expuse \u00een analiza fiec\u0103rei spe\u0163e privind\u00a0<em>autorit\u0103\u0163ile poten\u0163ial responsabile<\/em>, de\u015fi eman\u0103 de la autorii culegerii, dar pe baza aprecierilor Cur\u0163ii europene, constituie un punct de reper pentru activitatea celor obliga\u0163i, \u00een virtutea func\u0163iei sau profesiei, s\u0103 respecte sau s\u0103 garanteze exerci\u0163iul drepturilor \u015fi libert\u0103\u0163ilor fundamentale ale omului. De aceea, nu a fost omis\u0103 nici evolu\u0163ia dreptului intern, pozitiv\u0103 sau negativ\u0103, autorii indic\u00e2nd \u2013 acolo unde au fost identificate \u2013\u00a0<em>consecin\u0163ele hot\u0103r\u00e2rii<\/em>, care ar trebui s\u0103 foloseasc\u0103 celor interesa\u0163i pentru a descoperi remediile interne actuale.<\/p>\n<p style=\"background-image: initial; background-attachment: initial; background-origin: initial; background-clip: initial; background-color: transparent; margin-top: 0px; margin-right: 0px; margin-bottom: 24px; margin-left: 0px; vertical-align: baseline; text-align: justify; padding: 0px;\">Scopul acestui studiu \u015fi metodologia aleas\u0103 au plecat tocmai de la o analiz\u0103 foarte atent\u0103 a situa\u0163iei de fapt, a motiv\u0103rii fiec\u0103rei hot\u0103r\u00e2ri pronun\u0163ate de Curtea European\u0103 a Drepturilor Omului pe fond, pentru a identifica mecanismul care a condus \u00een final la \u00eenc\u0103lcarea dreptului fundamental respectiv.<\/p>\n<p style=\"background-image: initial; background-attachment: initial; background-origin: initial; background-clip: initial; background-color: transparent; margin-top: 0px; margin-right: 0px; margin-bottom: 24px; margin-left: 0px; vertical-align: baseline; text-align: justify; padding: 0px;\">Dezbaterea \u00een cadrul Conferin\u0163ei \u00ee\u015fi propune un scop constructiv, acela de a identifica remediile \u00een dreptul intern, ce vor trebui implementate de Statul rom\u00e2n prin m\u0103suri generale de natur\u0103 legislativ\u0103, administrativ\u0103 sau bugetar\u0103.<\/p>\n<p style=\"background-image: initial; background-attachment: initial; background-origin: initial; background-clip: initial; background-color: transparent; margin-top: 0px; margin-right: 0px; margin-bottom: 24px; margin-left: 0px; vertical-align: baseline; text-align: justify; padding: 0px;\">Nu se percepe tax\u0103 de participare. Locurile sunt limitate, \u00eenscrierea participan\u0163ilor realiz\u00e2ndu-se \u00een ordinea cronologic\u0103 a confirmarilor.<\/p>\n<p style=\"background-image: initial; background-attachment: initial; background-origin: initial; background-clip: initial; background-color: transparent; margin-top: 0px; margin-right: 0px; margin-bottom: 24px; margin-left: 0px; vertical-align: baseline; text-align: justify; padding: 0px;\">Confirmarea particip\u0103rii se face prin e-mail (<a style=\"background-image: initial; background-attachment: initial; background-origin: initial; background-clip: initial; background-color: transparent; vertical-align: baseline; color: #0066cc; background-position: initial initial; background-repeat: initial initial; padding: 0px; margin: 0px; border: 0px initial initial;\" href=\"mailto:mihai.sandru@gmail.com\" target=\"_blank\">mihai.sandru@gmail.com<\/a>) p\u00e2n\u0103 la data de 20 octombrie 2010. Solicitan\u0163ii sunt ruga\u0163i s\u0103 men\u0163ioneze: numele \u015fi prenumele, afilierea institu\u0163ional\u0103 \u015fi func\u0163ia, precum \u015fi domeniul de interes \u00een materia dreptului european. Participantii vor fi anuntati asupra agendei finale a conferin\u0163ei\/dezbaterii.<\/p>\n<p style=\"background-image: initial; background-attachment: initial; background-origin: initial; background-clip: initial; background-color: transparent; margin-top: 0px; margin-right: 0px; margin-bottom: 24px; margin-left: 0px; vertical-align: baseline; text-align: justify; padding: 0px;\">\n<p style=\"background-image: initial; background-attachment: initial; background-origin: initial; background-clip: initial; background-color: transparent; margin-top: 0px; margin-right: 0px; margin-bottom: 24px; margin-left: 0px; vertical-align: baseline; text-align: justify; padding: 0px;\"><a href=\"http:\/\/foto.agerpres.ro\/index.php?d=-1&amp;q=CONFERINTA%20-%20CENTRUL%20DE%20STUDII%20DE%20DREPT%20EUROPEAN%20-%20ASOCIATIA%20FORUMUL%20JUDECATORILOR%20DIN%20ROMANIA%20-%20EDITURA%20UNIVERSITARA\" target=\"_blank\">FOTO AGERPRES<\/a><\/p>\n","protected":false},"excerpt":{"rendered":"<p>Centrul de Studii de Drept European (CSDE) al Institutului de Cercet\u0103ri Juridice din cadrul Academiei Rom\u00e2ne, Asocia\u0163ia Forumul Judec\u0103torilor din Rom\u00e2nia \u015fi Editura Universitar\u0103 organizeaz\u0103 la data de\u00a021 octombrie 2010,\u00a0ora 14:00, la sediul Academiei Rom\u00e2ne din Calea Victoriei nr. 125 Conferin\u0163a \u00ab Hot\u0103r\u00e2rile pronun\u0163ate de Curtea European\u0103 a Drepturilor Omului \u00eempotriva Rom\u00e2niei. Analiz\u0103, consecin\u0163e, autorit\u0103\u0163i [&hellip;]<\/p>\n","protected":false},"author":1,"featured_media":0,"comment_status":"open","ping_status":"closed","sticky":false,"template":"","format":"standard","meta":{"footnotes":""},"categories":[10],"tags":[],"class_list":["post-191","post","type-post","status-publish","format-standard","hentry","category-evenimente"],"_links":{"self":[{"href":"http:\/\/www.csde.ro\/index.php?rest_route=\/wp\/v2\/posts\/191"}],"collection":[{"href":"http:\/\/www.csde.ro\/index.php?rest_route=\/wp\/v2\/posts"}],"about":[{"href":"http:\/\/www.csde.ro\/index.php?rest_route=\/wp\/v2\/types\/post"}],"author":[{"embeddable":true,"href":"http:\/\/www.csde.ro\/index.php?rest_route=\/wp\/v2\/users\/1"}],"replies":[{"embeddable":true,"href":"http:\/\/www.csde.ro\/index.php?rest_route=%2Fwp%2Fv2%2Fcomments&post=191"}],"version-history":[{"count":0,"href":"http:\/\/www.csde.ro\/index.php?rest_route=\/wp\/v2\/posts\/191\/revisions"}],"wp:attachment":[{"href":"http:\/\/www.csde.ro\/index.php?rest_route=%2Fwp%2Fv2%2Fmedia&parent=191"}],"wp:term":[{"taxonomy":"category","embeddable":true,"href":"http:\/\/www.csde.ro\/index.php?rest_route=%2Fwp%2Fv2%2Fcategories&post=191"},{"taxonomy":"post_tag","embeddable":true,"href":"http:\/\/www.csde.ro\/index.php?rest_route=%2Fwp%2Fv2%2Ftags&post=191"}],"curies":[{"name":"wp","href":"https:\/\/api.w.org\/{rel}","templated":true}]}}