{"id":175,"date":"2010-10-04T23:58:07","date_gmt":"2010-10-04T20:58:07","guid":{"rendered":"http:\/\/www.csde.ro\/?p=175"},"modified":"2010-10-04T23:58:07","modified_gmt":"2010-10-04T20:58:07","slug":"conferinta-curtea-de-justitie-a-uniunii-europene-istorie-politica-drept-19-10-2010-ora-13-academia-romana","status":"publish","type":"post","link":"http:\/\/www.csde.ro\/?p=175","title":{"rendered":"Conferin\u0163a  \u00abCurtea de Justi\u0163ie a Uniunii Europene \u2013 istorie, politic\u0103, drept\u00bb, 19.10.2010, ora 12, Academia Romana"},"content":{"rendered":"<p>Centrul de Studii de Drept European (CSDE) al Institutului de Cercet\u0103ri Juridice \u201eAcad. Andrei R\u0103dulescu\u201d al Academiei Rom\u00e2ne organizeaz\u0103 la data de 19 octombrie 2010, <strong>ora 12.00<\/strong>, la sediul Academiei Rom\u00e2ne, Calea Victoriei, nr. 125, Sala de Consiliu,<\/p>\n<p align=\"center\">\n<p align=\"center\"><strong>Conferin\u0163a <\/strong><strong> \u00een seria \u201eCultura dreptului european\u201d<\/strong><strong> <\/strong><\/p>\n<p align=\"center\"><strong>\u00ab<em>Curtea de Justi\u0163ie a Uniunii Europene \u2013 istorie, politic\u0103, drept<\/em>\u00bb<\/strong><\/p>\n<p style=\"text-align: justify;\">\u00cen cadrul conferin\u0163ei va fi lansat\u0103 lucrarea <strong>Mircea Du\u0163u, Andrei Du\u0163u<\/strong>, <strong><em><span style=\"font-weight: normal;\">Dreptul contenciosului european<\/span><\/em>, <\/strong>Editura Universul Juridic, Bucure\u015fti, 2010.<\/p>\n<p style=\"text-align: justify;\">\n<p style=\"text-align: justify;\">Dezbaterea va avea ca obiect recenta apari\u0163ie la Editura Oxford University Press a volumului \u201e<strong><em><a href=\"http:\/\/ukcatalogue.oup.com\/product\/9780199558353.do\" target=\"_blank\">The European Court&#8217;s Political Power.Selected Essays<\/a><\/em><\/strong>\u201d<a href=\"file:\/\/\/H:\/CSDE\/2010\/19.%20CJCE%20-%20istorie,%20politica,%20drept\/CJCE,%20Alter(2)%20Dutu.doc#_ftn1\">[1]<\/a> semnat de c\u0103tre dna prof. <strong><a href=\"https:\/\/depot.northwestern.edu\/kal438\/public_html\/index.html\" target=\"_blank\">Karen Alter<\/a><\/strong><\/p>\n<p style=\"text-align: justify;\">Lucrarea reune\u015fte 13 articole semnate de autoare (singur\u0103 sau \u00een colaborare) \u015fi concretizeaz\u0103 o cercetare asupra Cur\u0163ii Europene de Justi\u0163ie \u00eentins\u0103 pe parcursul a 17 ani, cercetare care urm\u0103re\u015fte rolul (particular al) Cur\u0163ii \u00een tipologia mai extins\u0103 a instan\u0163elor interna\u0163ionale; perspectiva urm\u0103rit\u0103 este una de ordin preponderent istoric \u015fi politic, f\u0103r\u0103 \u00eens\u0103 a pierde din vedere principalele etape de ordin juridic ale construc\u0163iei europene din perspectiva jurispruden\u0163ei Cur\u0163ii de Justi\u0163ie. Metodologia anun\u0163at\u0103 explicit \u00een lucrare se delimiteaz\u0103 de curentul neo-func\u0163ionalist, iar cercetarea porne\u015fte de la teoriile lui Eric Stein \u015fi Joseph Weiler. Cartea poate servi ca punct de pornire pentru o dezbatere cu privire la valoarea explicativ\u0103 a unui atare demers politologic.<\/p>\n<p style=\"text-align: justify;\">Dezbaterea urm\u0103re\u015fte atingerea unor aspecte eviden\u0163iate \u00een lucrare, precum:<\/p>\n<p style=\"text-align: justify;\">&#8211; etape ale construirii unui rol politic pentru Curtea European\u0103 de Justi\u0163ie;<\/p>\n<p style=\"text-align: justify;\">&#8211; teorii politice \u015fi teorii juridice privind Curtea European\u0103 de Justi\u0163ie; drept \u015fi politic\u0103 (?) la Curtea de Justi\u0163ie;<\/p>\n<p style=\"text-align: justify;\">&#8211; agen\u0163i \u015fi actori \u00een construirea de litigii pentru Curtea European\u0103 de Justi\u0163ie;<\/p>\n<p style=\"text-align: justify;\">&#8211; constitu\u0163ionalizarea ordinii juridice a Comunit\u0103\u0163ii Europene\/Uniunii Europene;<\/p>\n<p style=\"text-align: justify;\">&#8211; \u00eencadrarea Cur\u0163ii Europene de Justi\u0163ie \u00een tipologia instan\u0163elor interna\u0163ionale.<\/p>\n<p style=\"text-align: justify;\">\u00cen scopul unei particip\u0103ri active, celor interesa\u0163i li se va pune la dispozi\u0163ie \u00een avans o traducere a unui articol al autoarei menit a sintetiza ideile c\u0103r\u0163ii, al\u0103turi de o recenzie a respectivei c\u0103r\u0163i.<\/p>\n<p style=\"text-align: justify;\">\n<p style=\"text-align: justify;\">Mircea Du\u0163u, Andrei Du\u0163u, <strong><em>Dreptul contenciosului european<\/em>, <\/strong>Editura Universul Juridic, Bucure\u015fti, 2010.<\/p>\n<p style=\"text-align: justify;\">*Cu aceast\u0103 ocazie, va avea loc \u015fi lansarea lucr\u0103rii de mai sus cu participarea autorilor ei.<\/p>\n<p style=\"text-align: justify;\">\n<p style=\"text-align: justify;\">Confirmarea particip\u0103rii se face prin e-mail (<a href=\"mailto:mihai.sandru@gmail.com\">mihai.sandru@gmail.com<\/a>) p\u00e2n\u0103 la data de 18 octombrie 2010. Solicitan\u0163ii sunt ruga\u0163i s\u0103 men\u0163ioneze: numele \u015fi prenumele, afilierea institu\u0163ional\u0103 \u015fi func\u0163ia, precum \u015fi domeniul de interes \u00een materia dreptului european. Participantii vor fi anuntati asupra agendei finale a conferin\u0163ei\/dezbaterii.<\/p>\n<p style=\"text-align: justify;\">\n<p style=\"text-align: right;\">Cu stim\u0103,<\/p>\n<p style=\"text-align: right;\">Conf. univ. dr. Mihai \u015eandru<\/p>\n<p style=\"text-align: justify;\"><strong> <\/strong><\/p>\n<p style=\"text-align: justify;\"><strong> <\/strong><\/p>\n<p style=\"text-align: justify;\">Informa\u0163ii suplimentare \u015fi materiale referitoare la conferin\u0163\u0103 vor fi disponibile la adresa <a href=\"http:\/\/www.csde.ro\/\">www.csde.ro<\/a> CSDE v\u0103 mul\u0163ume\u015fte pentru retransmiterea acestei invita\u0163ii c\u0103tre toate persoanele interesate. Nu se percepe tax\u0103 de participare. Locurile sunt limitate, \u00eenscrierea participan\u0163ilor realiz\u00e2ndu-se \u00een ordinea cronologic\u0103 a confirmarilor.<\/p>\n<p style=\"text-align: justify;\"><strong> <\/strong><\/p>\n<p style=\"text-align: justify;\">Foto Agerpres Mircea Dutu (<a href=\"http:\/\/foto.agerpres.ro\/index.php?i=4764178\" target=\"_blank\">1<\/a>), Mircea Dutu (<a href=\"http:\/\/foto.agerpres.ro\/index.php?i=4764180\" target=\"_blank\">2<\/a>).<\/p>\n<p style=\"text-align: justify;\">\n<p style=\"text-align: justify;\"><strong>Partener principal:<\/strong><\/p>\n<p style=\"text-align: justify;\"><strong>Oxford University Press \u2013 <a href=\"http:\/\/ukcatalogue.oup.com\/nav\/p\/category\/academic\/series\/law\/osel.do?page=1&amp;thumbby=10&amp;thumbby_crawl=10&amp;sortby=pubDateDescend\" target=\"_blank\">Oxford Studies in European Law (OSEL)<\/a><\/strong><strong> <\/strong><\/p>\n<p style=\"text-align: justify;\">\n<p style=\"text-align: justify;\"><strong> <\/strong><\/p>\n<p style=\"text-align: justify;\"><strong>Parteneri media <\/strong><strong><span style=\"text-decoration: underline;\">CSDE (\u00een ordine alfabetic\u0103)<\/span><\/strong><strong> <\/strong><\/p>\n<p style=\"text-align: justify;\"><strong><a href=\"http:\/\/www.agerpres.ro\/\">www.agerpres.ro<\/a> <\/strong><strong>www.avocatnet.ro <\/strong><strong><a href=\"http:\/\/www.caleaeuropeana.ro\/\">www.caleaeuropeana.ro<\/a> <\/strong><strong><a href=\"http:\/\/www.euractiv.ro\/\">www.euractiv.ro<\/a><\/strong><\/p>\n<p style=\"text-align: justify;\"><strong> <a href=\"http:\/\/www.infolegal.ro\/\">www.infolegal.ro<\/a> <\/strong><strong>www.juridice.ro<\/strong><\/p>\n<p style=\"text-align: justify;\">\n<p style=\"text-align: justify;\"><img loading=\"lazy\" decoding=\"async\" class=\"aligncenter size-medium wp-image-988\" title=\"IMG_0186\" src=\"http:\/\/www.csde.ro\/wp-content\/uploads\/2010\/10\/IMG_01861-300x225.jpg\" alt=\"IMG_0186\" width=\"300\" height=\"225\" \/><\/p>\n<p style=\"text-align: center;\">Prof. univ. dr. Mircea Dutu, Prof. univ. dr. Iordan Barbulescu, Conf. univ. dr. Mihai Sandru<\/p>\n<p style=\"text-align: center;\"><img loading=\"lazy\" decoding=\"async\" class=\"aligncenter size-medium wp-image-990\" title=\"IMG_0203\" src=\"http:\/\/www.csde.ro\/wp-content\/uploads\/2010\/10\/IMG_02031-300x225.jpg\" alt=\"IMG_0203\" width=\"300\" height=\"225\" \/><\/p>\n<p style=\"text-align: justify;\">\n<p style=\"text-align: justify;\">\n<p style=\"text-align: justify;\"><strong><br \/>\n<\/strong><\/p>\n<p style=\"text-align: justify;\">\n","protected":false},"excerpt":{"rendered":"<p>Centrul de Studii de Drept European (CSDE) al Institutului de Cercet\u0103ri Juridice \u201eAcad. Andrei R\u0103dulescu\u201d al Academiei Rom\u00e2ne organizeaz\u0103 la data de 19 octombrie 2010, ora 12.00, la sediul Academiei Rom\u00e2ne, Calea Victoriei, nr. 125, Sala de Consiliu, Conferin\u0163a \u00een seria \u201eCultura dreptului european\u201d \u00abCurtea de Justi\u0163ie a Uniunii Europene \u2013 istorie, politic\u0103, drept\u00bb \u00cen [&hellip;]<\/p>\n","protected":false},"author":1,"featured_media":0,"comment_status":"open","ping_status":"closed","sticky":false,"template":"","format":"standard","meta":{"footnotes":""},"categories":[10],"tags":[168],"class_list":["post-175","post","type-post","status-publish","format-standard","hentry","category-evenimente","tag-karen-alter"],"_links":{"self":[{"href":"http:\/\/www.csde.ro\/index.php?rest_route=\/wp\/v2\/posts\/175"}],"collection":[{"href":"http:\/\/www.csde.ro\/index.php?rest_route=\/wp\/v2\/posts"}],"about":[{"href":"http:\/\/www.csde.ro\/index.php?rest_route=\/wp\/v2\/types\/post"}],"author":[{"embeddable":true,"href":"http:\/\/www.csde.ro\/index.php?rest_route=\/wp\/v2\/users\/1"}],"replies":[{"embeddable":true,"href":"http:\/\/www.csde.ro\/index.php?rest_route=%2Fwp%2Fv2%2Fcomments&post=175"}],"version-history":[{"count":0,"href":"http:\/\/www.csde.ro\/index.php?rest_route=\/wp\/v2\/posts\/175\/revisions"}],"wp:attachment":[{"href":"http:\/\/www.csde.ro\/index.php?rest_route=%2Fwp%2Fv2%2Fmedia&parent=175"}],"wp:term":[{"taxonomy":"category","embeddable":true,"href":"http:\/\/www.csde.ro\/index.php?rest_route=%2Fwp%2Fv2%2Fcategories&post=175"},{"taxonomy":"post_tag","embeddable":true,"href":"http:\/\/www.csde.ro\/index.php?rest_route=%2Fwp%2Fv2%2Ftags&post=175"}],"curies":[{"name":"wp","href":"https:\/\/api.w.org\/{rel}","templated":true}]}}