{"id":1224,"date":"2009-10-23T22:48:24","date_gmt":"2009-10-23T20:48:24","guid":{"rendered":"http:\/\/www.csde.ro\/?p=1224"},"modified":"2009-10-23T22:48:24","modified_gmt":"2009-10-23T20:48:24","slug":"conferinta-csde-diviziunea-si-echilibrul-puterilor-in-uniunea-europeana-intinderea-si-semnificatia-principiilor-generale-de-drept-comunitar-hotararea-cjce-in-cauza-c-10108-audiolux-1","status":"publish","type":"post","link":"http:\/\/www.csde.ro\/?p=1224","title":{"rendered":"Conferinta CSDE: \u00abDiviziunea si echilibrul puterilor in Uniunea Europeana. Intinderea si semnificatia principiilor generale de drept comunitar: Hotararea CJCE \u00een cauza C-101\/08, Audiolux\u00bb, 18.11.2009"},"content":{"rendered":"<p style=\"margin-top: 0.6em; margin-right: 0px; margin-bottom: 1.2em; margin-left: 0px; color: #494949; font-family: Verdana, Arial, Helvetica, sans-serif; font-size: 12px; line-height: 20px; text-align: center; padding: 0px;\">Centrul de Studii de Drept European (CSDE) al Institutului de Cercet\u0103ri Juridice din cadrul Academiei Rom\u00e2ne organizeaz\u0103 la data de 18 noiembrie 2009, ora 14:30, la sediul s\u0103u din Calea 13 Septembrie, nr. 13<\/p>\n<p style=\"margin-top: 0.6em; margin-right: 0px; margin-bottom: 1.2em; margin-left: 0px; color: #494949; font-family: Verdana, Arial, Helvetica, sans-serif; font-size: 12px; line-height: 20px; text-align: center; padding: 0px;\">Conferin\u0163a<\/p>\n<p style=\"margin-top: 0.6em; margin-right: 0px; margin-bottom: 1.2em; margin-left: 0px; color: #494949; font-family: Verdana, Arial, Helvetica, sans-serif; font-size: 12px; line-height: 20px; text-align: center; padding: 0px;\"><strong>\u00abDiviziunea \u015fi echilibrul puterilor \u00een Uniunea European\u0103. \u00centinderea \u015fi semnifica\u0163ia principiilor generale de drept comunitar: Hot\u0103r\u00e2rea CJCE \u00een cauza\u00a0<a style=\"color: #027ac6; text-decoration: none;\" href=\"http:\/\/eubusinesslaw.wordpress.com\/2009\/10\/30\/audiolux-c-10108\/\" target=\"_blank\">C-101\/08, Audiolux<\/a>\u00bb<\/strong><\/p>\n<p style=\"margin-top: 0.6em; margin-right: 0px; margin-bottom: 1.2em; margin-left: 0px; color: #494949; font-family: Verdana, Arial, Helvetica, sans-serif; font-size: 12px; line-height: 20px; padding: 0px;\">Dezbaterea \u00ee\u015fi propune realizarea unui schimb de opinii at\u00e2t din perspectiva teoreticienilor c\u00e2t \u015fi practicienilor (judec\u0103tori \u015fi avoca\u0163i), pornind de la aspecte cheie eviden\u0163iate \u00een jurispruden\u0163a Cur\u0163ii de Justi\u0163ie a Comunit\u0103\u0163ilor Europene \u015fi \u00een dreptul derivat comunitar.<\/p>\n<p style=\"margin-top: 0.6em; margin-right: 0px; margin-bottom: 1.2em; margin-left: 0px; color: #494949; font-family: Verdana, Arial, Helvetica, sans-serif; font-size: 12px; line-height: 20px; padding: 0px;\">\u00cenc\u0103 de la apari\u0163ia \u015fi dezvoltarea incipient\u0103 a ordinii juridice comunitare, Curtea de Justi\u0163ie a Comunit\u0103\u0163ilor Europene a jucat un rol decisiv \u00een elaborarea unor principii generale de drept comunitar.<\/p>\n<p style=\"margin-top: 0.6em; margin-right: 0px; margin-bottom: 1.2em; margin-left: 0px; color: #494949; font-family: Verdana, Arial, Helvetica, sans-serif; font-size: 12px; line-height: 20px; padding: 0px;\">Dezbaterea pe care o propune CSDE \u00ee\u015fi dore\u015fte aprofundarea chestiunii \u00eentinderii \u015fi semnifica\u0163iei acestor principiile generale.<\/p>\n<p style=\"margin-top: 0.6em; margin-right: 0px; margin-bottom: 1.2em; margin-left: 0px; color: #494949; font-family: Verdana, Arial, Helvetica, sans-serif; font-size: 12px; line-height: 20px; padding: 0px;\">Punctul de pornire \u00eentr-o eventual\u0103 astfel de analiz\u0103 trebuie s\u0103 aib\u0103 \u00een vedere rolul fundamental al regulii enun\u0163ate la articolul 7 alineatul (1) paragraful (2) CE, potrivit c\u0103reia, \u201efiecare institu\u0163ie [a Comunit\u0103\u0163ii Europene] ac\u0163ioneaz\u0103 \u00een limitele competen\u0163elor care \u00eei sunt conferite prin [&#8230;] tratat\u201d. Astfel, Curtea de Justi\u0163ie nu se poate substitui rolului legiuitorului comunitar.<\/p>\n<p style=\"margin-top: 0.6em; margin-right: 0px; margin-bottom: 1.2em; margin-left: 0px; color: #494949; font-family: Verdana, Arial, Helvetica, sans-serif; font-size: 12px; line-height: 20px; padding: 0px;\">Solu\u0163ia \u00een spe\u0163\u0103 ar trebui raportat\u0103 la jurispruden\u0163a Cur\u0163ii, de exemplu la momente precum hot\u0103r\u00e2rea \u00een cauza C-144\/04, Mangold, \u00een care instan\u0163a comunitar\u0103 a recunoscut existen\u0163a unui principiu general de drept comunitar ce interzice discriminarea pe motiv de v\u00e2rst\u0103.<\/p>\n<p style=\"margin-top: 0.6em; margin-right: 0px; margin-bottom: 1.2em; margin-left: 0px; color: #494949; font-family: Verdana, Arial, Helvetica, sans-serif; font-size: 12px; line-height: 20px; padding: 0px;\">Confirmarea particip\u0103rii se face prin e-mail (mihai.sandru@csde.ro) p\u00e2n\u0103 la data de 17 noiembrie 2009. Solicitan\u0163ii sunt ruga\u0163i s\u0103 men\u0163ioneze: numele \u015fi prenumele, afilierea institu\u0163ional\u0103 \u015fi func\u0163ia, precum \u015fi domeniul de interes \u00een materia dreptului european.<\/p>\n<p style=\"margin-top: 0.6em; margin-right: 0px; margin-bottom: 1.2em; margin-left: 0px; color: #494949; font-family: Verdana, Arial, Helvetica, sans-serif; font-size: 12px; line-height: 20px; padding: 0px;\">Lucr\u0103rile \u015fi prezent\u0103rile sus\u0163inute cu ocazia colocviului urmeaz\u0103 a fi publicate \u00eentr-un volum, care va ap\u0103rea la o editur\u0103 recunoscut\u0103 de CNCSIS.<\/p>\n<p style=\"margin-top: 0.6em; margin-right: 0px; margin-bottom: 1.2em; margin-left: 0px; color: #494949; font-family: Verdana, Arial, Helvetica, sans-serif; font-size: 12px; line-height: 20px; padding: 0px;\">Informa\u0163ii suplimentare \u015fi materiale referitoare la conferin\u0163\u0103 sunt disponibile pe <a href=\"http:\/\/eubusinesslaw.wordpress.com\/2009\/11\/18\/csde-18-11-2009-diviziunea-si-echilibrul-puterilor-in-uniunea-europeana-intinderea-si-semnificatia-principiilor-generale-de-drept-comunitar-hotararea-cjce-in-cauza-c-10108-audiolux\/\" target=\"_blank\">blogul CSDE<\/a>.<\/p>\n<p style=\"margin-top: 0.6em; margin-right: 0px; margin-bottom: 1.2em; margin-left: 0px; color: #494949; font-family: Verdana, Arial, Helvetica, sans-serif; font-size: 12px; line-height: 20px; padding: 0px;\">Este \u00eencurajat\u0103 participarea la lucr\u0103rile colocviului cu prezent\u0103ri viz\u00e2nd subiectele enumerate anterior dar \u015fi altele referitoare la probleme conexe ce ar putea fi de interes. \u00cen acest sens, doritorii pot adresa o solicitare de \u00eenscriere pe lista vorbitorilor, trimi\u0163\u00e2nd \u015fi un scurt rezumat al principalelor puncte ce ar urma s\u0103 fie atinse, la adresa de e-mail mihai.sandru@csde.ro.<\/p>\n<p style=\"margin-top: 0.6em; margin-right: 0px; margin-bottom: 1.2em; margin-left: 0px; color: #494949; font-family: Verdana, Arial, Helvetica, sans-serif; font-size: 12px; line-height: 20px; padding: 0px;\">CSDE v\u0103 mul\u0163ume\u015fte pentru retransmiterea acestei invita\u0163ii c\u0103tre toate persoanele interesate.<\/p>\n<p style=\"margin-top: 0.6em; margin-right: 0px; margin-bottom: 1.2em; margin-left: 0px; color: #494949; font-family: Verdana, Arial, Helvetica, sans-serif; font-size: 12px; line-height: 20px; padding: 0px;\">Cu stim\u0103,<\/p>\n<p style=\"margin-top: 0.6em; margin-right: 0px; margin-bottom: 1.2em; margin-left: 0px; color: #494949; font-family: Verdana, Arial, Helvetica, sans-serif; font-size: 12px; line-height: 20px; padding: 0px;\">Conf. univ. dr. Daniel-Mihail \u015eandru<\/p>\n<p style=\"margin-top: 0.6em; margin-right: 0px; margin-bottom: 1.2em; margin-left: 0px; color: #494949; font-family: Verdana, Arial, Helvetica, sans-serif; font-size: 12px; line-height: 20px; padding-top: 0px; padding-right: 0px; padding-bottom: 0px; padding-left: 0px; text-align: center; \"><strong>PROGRAM<\/strong><\/p>\n<p style=\"margin-top: 0.6em; margin-right: 0px; margin-bottom: 1.2em; margin-left: 0px; color: #494949; font-family: Verdana, Arial, Helvetica, sans-serif; font-size: 12px; line-height: 20px; padding: 0px;\">1415 \u2013 1430 Primirea participan\u0163ilor<\/p>\n<p style=\"margin-top: 0.6em; margin-right: 0px; margin-bottom: 1.2em; margin-left: 0px; color: #494949; font-family: Verdana, Arial, Helvetica, sans-serif; font-size: 12px; line-height: 20px; padding: 0px;\">1430 Lansare de carte \u2013 Cristian Gheorghe, Drept comercial european, C.H.Beck, 2009<\/p>\n<p style=\"margin-top: 0.6em; margin-right: 0px; margin-bottom: 1.2em; margin-left: 0px; color: #494949; font-family: Verdana, Arial, Helvetica, sans-serif; font-size: 12px; line-height: 20px; padding: 0px;\">Moderatori: <strong>Prof. Nicolae Turcu<\/strong>, Pre\u015fedintele Sec\u0163iei de Drept Privat, Consiliul Legislativ din Rom\u00e2nia \u015fi <strong>Conf. univ. dr. Mihai \u015eandru<\/strong>, Centrul de Studii de Drept European, Institutul de Cercet\u0103ri Juridice, Academia Rom\u00e2n\u0103<\/p>\n<p style=\"margin-top: 0.6em; margin-right: 0px; margin-bottom: 1.2em; margin-left: 0px; color: #494949; font-family: Verdana, Arial, Helvetica, sans-serif; font-size: 12px; line-height: 20px; padding: 0px;\">1445 \u2013 1515 Prima sesiune de prezent\u0103ri \u015fi dezbateri<\/p>\n<p style=\"margin-top: 0.6em; margin-right: 0px; margin-bottom: 1.2em; margin-left: 0px; color: #494949; font-family: Verdana, Arial, Helvetica, sans-serif; font-size: 12px; line-height: 20px; padding: 0px;\"><strong>Lector univ. dr. Cristian Gheorghe<\/strong>, \u00a0 Consideratii privind reglementarile si jurisprudenta CJCE in privinta societatilor tranzactionate pe piete reglementate in UE si in cadrul intern<\/p>\n<p style=\"margin-top: 0.6em; margin-right: 0px; margin-bottom: 1.2em; margin-left: 0px; color: #494949; font-family: Verdana, Arial, Helvetica, sans-serif; font-size: 12px; line-height: 20px; padding: 0px;\"><strong>Lector univ. Dr. Andreescu Marius<\/strong>, Judecator Curtea de Apel Pite\u015fti, Principiul propor\u0163ionalit\u0103\u0163ii \u00een documentele \u015fi jurispruden\u0163a Uniunii Europene<\/p>\n<p style=\"margin-top: 0.6em; margin-right: 0px; margin-bottom: 1.2em; margin-left: 0px; color: #494949; font-family: Verdana, Arial, Helvetica, sans-serif; font-size: 12px; line-height: 20px; padding: 0px;\"><strong>Rodica Procop, Irina Iliescu, Roxana Stoica<\/strong>, Principiile generale de drept comunitar \u00een practica CJCE. Rolul acestora<\/p>\n<p style=\"margin-top: 0.6em; margin-right: 0px; margin-bottom: 1.2em; margin-left: 0px; color: #494949; font-family: Verdana, Arial, Helvetica, sans-serif; font-size: 12px; line-height: 20px; padding: 0px;\">Pauza 15.15-15.30<\/p>\n<p style=\"margin-top: 0.6em; margin-right: 0px; margin-bottom: 1.2em; margin-left: 0px; color: #494949; font-family: Verdana, Arial, Helvetica, sans-serif; font-size: 12px; line-height: 20px; padding: 0px;\">15.30-16.00 A doua sesiune de prezent\u0103ri \u015fi dezbateri<\/p>\n<p style=\"margin-top: 0.6em; margin-right: 0px; margin-bottom: 1.2em; margin-left: 0px; color: #494949; font-family: Verdana, Arial, Helvetica, sans-serif; font-size: 12px; line-height: 20px; padding: 0px;\"><strong>Lector univ. dr. Anamaria Groza<\/strong>, Reflec\u0163ii asupra emergen\u0163ei principiilor generale de drept comunitar. Cauza C 101\/08, Audiolux SA \u015fi al\u0163ii<\/p>\n<p style=\"margin-top: 0.6em; margin-right: 0px; margin-bottom: 1.2em; margin-left: 0px; color: #494949; font-family: Verdana, Arial, Helvetica, sans-serif; font-size: 12px; line-height: 20px; padding: 0px;\"><strong>Conf. univ. dr. Mihai \u015eandru<\/strong>, Procedura referitoare la admisibilitate \u00een cauza Audiolux<\/p>\n<p style=\"margin-top: 0.6em; margin-right: 0px; margin-bottom: 1.2em; margin-left: 0px; color: #494949; font-family: Verdana, Arial, Helvetica, sans-serif; font-size: 12px; line-height: 20px; padding: 0px;\"><strong>Mihai Banu<\/strong>, Redactor \u015eef Adjunct, Revista Rom\u00e2n\u0103 de Drept Comunitar, Echilibrul puterilor reflectat \u00een jurispruden\u0163a CJCE<\/p>\n<p style=\"margin-top: 0.6em; margin-right: 0px; margin-bottom: 1.2em; margin-left: 0px; color: #494949; font-family: Verdana, Arial, Helvetica, sans-serif; font-size: 12px; line-height: 20px; padding: 0px;\"><strong>Judec\u0103tor Drago\u015f C\u0103lin<\/strong>, Importan\u0163a cauzei Mangold, C-144\/04<\/p>\n<p style=\"margin-top: 0.6em; margin-right: 0px; margin-bottom: 1.2em; margin-left: 0px; color: #494949; font-family: Verdana, Arial, Helvetica, sans-serif; font-size: 12px; line-height: 20px; padding: 0px;\"><strong>Alis Patlageanu, Rodica Procop<\/strong>,\u00a0<em>Protectia actionarilor minoritari ca principiu al dreptului comunitar. Inexistenta. Hotararea CJCE C-101\/08 in cauza Audiolux si altii<\/em>, 20 Octombrie 2009, juridice.ro [<a style=\"color: #027ac6; text-decoration: none;\" href=\"http:\/\/cjce.ro\/88018\/protectia-actionarilor-minoritari-ca-principiu-al-dreptului-comunitar-inexistenta-hotararea-cjce-c-101-08-in-cauza-audiolux-si-altii.html\" target=\"_blank\">aici<\/a>]<\/p>\n<p style=\"margin-top: 0.6em; margin-right: 0px; margin-bottom: 1.2em; margin-left: 0px; color: #494949; font-family: Verdana, Arial, Helvetica, sans-serif; font-size: 12px; line-height: 20px; padding-top: 0px; padding-right: 0px; padding-bottom: 0px; padding-left: 0px; text-align: center; \">* * *<\/p>\n<p style=\"margin-top: 0.6em; margin-right: 0px; margin-bottom: 1.2em; margin-left: 0px; color: #494949; font-family: Verdana, Arial, Helvetica, sans-serif; font-size: 12px; line-height: 20px; padding: 0px;\">Documente referitoare la aceast\u0103 conferin\u0163\u0103 vor fi disponibile pe <a href=\"http:\/\/eubusinesslaw.wordpress.com\/2009\/11\/18\/csde-18-11-2009-diviziunea-si-echilibrul-puterilor-in-uniunea-europeana-intinderea-si-semnificatia-principiilor-generale-de-drept-comunitar-hotararea-cjce-in-cauza-c-10108-audiolux\/\" target=\"_blank\">blogul CSDE<\/a>.\u00a0Nu se percepte tax\u0103 de participare. Locurile sunt limitate, \u00eenscrierea participan\u0163ilor realiz\u00e2ndu-se \u00een ordinea cronologic\u0103 a confirmarilor.<\/p>\n","protected":false},"excerpt":{"rendered":"<p>Centrul de Studii de Drept European (CSDE) al Institutului de Cercet\u0103ri Juridice din cadrul Academiei Rom\u00e2ne organizeaz\u0103 la data de 18 noiembrie 2009, ora 14:30, la sediul s\u0103u din Calea 13 Septembrie, nr. 13 Conferin\u0163a \u00abDiviziunea \u015fi echilibrul puterilor \u00een Uniunea European\u0103. \u00centinderea \u015fi semnifica\u0163ia principiilor generale de drept comunitar: Hot\u0103r\u00e2rea CJCE \u00een cauza\u00a0C-101\/08, Audiolux\u00bb [&hellip;]<\/p>\n","protected":false},"author":1,"featured_media":0,"comment_status":"open","ping_status":"closed","sticky":false,"template":"","format":"standard","meta":{"footnotes":""},"categories":[10],"tags":[],"class_list":["post-1224","post","type-post","status-publish","format-standard","hentry","category-evenimente"],"_links":{"self":[{"href":"http:\/\/www.csde.ro\/index.php?rest_route=\/wp\/v2\/posts\/1224"}],"collection":[{"href":"http:\/\/www.csde.ro\/index.php?rest_route=\/wp\/v2\/posts"}],"about":[{"href":"http:\/\/www.csde.ro\/index.php?rest_route=\/wp\/v2\/types\/post"}],"author":[{"embeddable":true,"href":"http:\/\/www.csde.ro\/index.php?rest_route=\/wp\/v2\/users\/1"}],"replies":[{"embeddable":true,"href":"http:\/\/www.csde.ro\/index.php?rest_route=%2Fwp%2Fv2%2Fcomments&post=1224"}],"version-history":[{"count":0,"href":"http:\/\/www.csde.ro\/index.php?rest_route=\/wp\/v2\/posts\/1224\/revisions"}],"wp:attachment":[{"href":"http:\/\/www.csde.ro\/index.php?rest_route=%2Fwp%2Fv2%2Fmedia&parent=1224"}],"wp:term":[{"taxonomy":"category","embeddable":true,"href":"http:\/\/www.csde.ro\/index.php?rest_route=%2Fwp%2Fv2%2Fcategories&post=1224"},{"taxonomy":"post_tag","embeddable":true,"href":"http:\/\/www.csde.ro\/index.php?rest_route=%2Fwp%2Fv2%2Ftags&post=1224"}],"curies":[{"name":"wp","href":"https:\/\/api.w.org\/{rel}","templated":true}]}}